{"id":161794,"date":"2014-10-23T22:19:05","date_gmt":"2014-10-23T22:19:05","guid":{"rendered":"http:\/\/diariodominicano.ddns.net\/?p=161794"},"modified":"2014-10-23T22:19:05","modified_gmt":"2014-10-23T22:19:05","slug":"chu-vasquez-favorece-escoger-candidato-presidencial-prm-por-encuestas","status":"publish","type":"post","link":"https:\/\/diariodominicano.com\/?p=161794","title":{"rendered":"&#13;Chu V\u00e1squez favorece escoger candidato presidencial PRM por encuestas"},"content":{"rendered":"<p><body><\/p>\n<p><span class=\"text1noticias\">Santo Domingo, RD, 23 de Octubre.-El secretario general del Partido Revolucionario Moderno favorece que esa organizaci\u00f3n pol\u00edtica escoja el candidato presidencial para los pr\u00f3ximos comicios por el sistema de encuestas.<\/span><\/p>\n<\/p>\n<p><span class=\"text1noticias\">Jes\u00fas V\u00e1squez Mart\u00ednez dijo adem\u00e1s que est\u00e1 de acuerdo con que ese proceso se lleve a cabo antes de que finalice el presente a\u00f1o.<\/span><\/p>\n<\/p>\n<p><span class=\"text1noticias\">Explic\u00f3 que aunque la convenci\u00f3n es el m\u00e9todo m\u00e1s democr\u00e1tico, sin embargo entiende que todav\u00eda el PRM no cuenta con la estructura necesaria para montar un evento de esa envergadura.<\/span><\/p>\n<\/p>\n<p><span class=\"text1noticias\">Entrevistado por H\u00e9ctor Herrera Cabral en el programa De Entero Cr\u00e9dito que se produce cada noche por Telecentro Canal 13, el dirigente pol\u00edtico explic\u00f3 que las pasiones que genera un proceso convencional podr\u00eda resquebrajar la unidad interna de ese partido.<\/span><\/p>\n<\/p>\n<p><span class=\"text1noticias\">Advirti\u00f3 que la sociedad espera que el PRM no repita los vicios que los llevaron a abandonar las filas del Partido Revolucionario Dominicano, y esa fue la condici\u00f3n que pudieron Andr\u00e9s Bautista y \u00e9l para asumir la direcci\u00f3n de esa organizaci\u00f3n.<\/span><\/p>\n<\/p>\n<p><span class=\"text1noticias\">\u00abMira hay tres m\u00e9todos para escoger nuestro candidato presidencial, uno es el consenso, otro la convenci\u00f3n y el otro las encuestas, y yo me inclin\u00f3 por esta \u00faltima porque creo que en estos momentos es lo que m\u00e1s le conviene al PRM\u00bb, sostuvo V\u00e1squez Mart\u00ednez.<\/span><\/p>\n<\/p>\n<p><span class=\"text1noticias\">Dijo que ya hay experiencias exitosas en ese sentido, ya que la primera vez que la actual mandataria chilena Michelle Bachelet fue escogida candidata presidencial en el 2006 se hizo a trav\u00e9s de las encuestas.<\/span><\/p>\n<p><span class=\"text1noticias\">Agreg\u00f3 que igual pas\u00f3 con el expresidente Vicente Fox en M\u00e9xico que fue seleccionado por esa metodolog\u00eda y su candidatura fue tan novedosa que acab\u00f3 con el reinado de 70 a\u00f1os de gobiernos ininterrumpidos del PRI en la citada naci\u00f3n.<\/span><\/p>\n<\/p>\n<p><span class=\"text1noticias\">Cuestionado en torno a si existe alg\u00fan acuerdo escrito entre Hip\u00f3lito Mej\u00eda y Luis Abinader para escoger el candidato a trav\u00e9s de encuestas, Chu V\u00e1squez dijo que el consens\u00f3 que existe entre toda la dirigencia del PRM es mantener la unidad del partido.<\/span><\/p>\n<\/p>\n<p><span class=\"text1noticias\">Explic\u00f3 que el Partido Revolucionario Moderno est\u00e1 compelido a escoger su candidato en lo que resta de a\u00f1o, ya que en el primer trimestre del 2015 todos los partidos que integran la Convergencia tendr\u00e1n que ir a un proceso convencional para elegir la persona que encabezar\u00e1 la boleta de la coalici\u00f3n en los comicios del 2016.<\/span><\/p>\n<\/p>\n<p><span class=\"text1noticias\">Sobre la disputa que hab\u00eda en torno a la secretar\u00eda general, ya que Tony Pe\u00f1a Guaba aspira a esa posici\u00f3n, Jes\u00fas V\u00e1squez dijo que hay un consenso en el partido de que \u00e9l sea el secretario general.(HG)<\/span>.<\/p>\n<\/p>\n<h6> 2014-10-23 22:19:05 <\/h6>\n<p><!--\n<link rel=\"stylesheet\" href=\"css\/bootstrap.min.css\">\n\n\n<ul class=\"pagination\">\n\t    \n\t\n\n<li >\n\t<a href='?page_no=14263'>Previous<\/a>\n\t<\/li>\n\n\n       \n    \n\n<li><a href='?page_no=1'>1<\/a><\/li>\n\n\n\n<li><a href='?page_no=2'>2<\/a><\/li>\n\n\n\n<li><a>...<\/a><\/li>\n\n\n\n<li><a href='?page_no=14262'>14262<\/a><\/li>\n\n\n\n<li><a href='?page_no=14263'>14263<\/a><\/li>\n\n\n\n<li class='active'><a>14264<\/a><\/li>\n\n\n\n<li><a href='?page_no=14265'>14265<\/a><\/li>\n\n\n\n<li><a href='?page_no=14266'>14266<\/a><\/li>\n\n\n\n<li><a>...<\/a><\/li>\n\n\n\n<li><a href='?page_no=36999'>36999<\/a><\/li>\n\n\n\n<li><a href='?page_no=37000'>37000<\/a><\/li>\n\n    \n\t\n\n<li >\n\t<a href='?page_no=14265'>Next<\/a>\n\t<\/li>\n\n\n    \n\n<li><a href='?page_no=37000'>Last &rsaquo;&rsaquo;<\/a><\/li>\n\n<\/ul>\n\n\n--><br \/>\n<\/body><\/p>\n","protected":false},"excerpt":{"rendered":"<p>Santo Domingo, RD, 23 de Octubre.-El secretario general del Partido Revolucionario Moderno favorece que esa organizaci\u00f3n pol\u00edtica escoja el candidato presidencial para los pr\u00f3ximos comicios por el sistema de encuestas. Jes\u00fas V\u00e1squez Mart\u00ednez dijo adem\u00e1s que est\u00e1 de acuerdo con que ese proceso se lleve a cabo antes de que finalice el presente a\u00f1o. Explic\u00f3 [&hellip;]<\/p>\n","protected":false},"author":3,"featured_media":0,"comment_status":"open","ping_status":"open","sticky":false,"template":"","format":"standard","meta":{"footnotes":""},"categories":[22],"tags":[],"class_list":["post-161794","post","type-post","status-publish","format-standard","hentry","category-politica"],"_links":{"self":[{"href":"https:\/\/diariodominicano.com\/index.php?rest_route=\/wp\/v2\/posts\/161794","targetHints":{"allow":["GET"]}}],"collection":[{"href":"https:\/\/diariodominicano.com\/index.php?rest_route=\/wp\/v2\/posts"}],"about":[{"href":"https:\/\/diariodominicano.com\/index.php?rest_route=\/wp\/v2\/types\/post"}],"author":[{"embeddable":true,"href":"https:\/\/diariodominicano.com\/index.php?rest_route=\/wp\/v2\/users\/3"}],"replies":[{"embeddable":true,"href":"https:\/\/diariodominicano.com\/index.php?rest_route=%2Fwp%2Fv2%2Fcomments&post=161794"}],"version-history":[{"count":0,"href":"https:\/\/diariodominicano.com\/index.php?rest_route=\/wp\/v2\/posts\/161794\/revisions"}],"wp:attachment":[{"href":"https:\/\/diariodominicano.com\/index.php?rest_route=%2Fwp%2Fv2%2Fmedia&parent=161794"}],"wp:term":[{"taxonomy":"category","embeddable":true,"href":"https:\/\/diariodominicano.com\/index.php?rest_route=%2Fwp%2Fv2%2Fcategories&post=161794"},{"taxonomy":"post_tag","embeddable":true,"href":"https:\/\/diariodominicano.com\/index.php?rest_route=%2Fwp%2Fv2%2Ftags&post=161794"}],"curies":[{"name":"wp","href":"https:\/\/api.w.org\/{rel}","templated":true}]}}