{"id":161793,"date":"2014-10-25T04:36:07","date_gmt":"2014-10-25T04:36:07","guid":{"rendered":"http:\/\/diariodominicano.ddns.net\/?p=161793"},"modified":"2014-10-25T04:36:07","modified_gmt":"2014-10-25T04:36:07","slug":"senadora-mateo-afirma-mario-torres-fue-nombrado-en-el-indrhi-con-rd100-mil","status":"publish","type":"post","link":"https:\/\/diariodominicano.com\/?p=161793","title":{"rendered":"Senadora  Mateo afirma Mario Torres fue nombrado en el INDRHI con RD$100 mil"},"content":{"rendered":"<p><body><\/p>\n<p><img decoding=\"async\" src=\"img3\/Sonia 1.JPG\" \/>  <\/p>\n<\/p>\n<p><strong><span class=\"text1noticias\">Sonia Mateo indic\u00f3 que Torres fue elegido para ocupar el puesto de asesor del director del INDRHI, Olgo Fern\u00e1ndez.<\/span><\/strong><\/p>\n<\/p>\n<\/p>\n<p><span class=\"text1noticias\">SANTO DOMINGO, RD, 25 de Octubre de 2014.- La Senadora del Partido de la Liberaci\u00f3n Dominicana (PLD) Sonia Mateo dijo que el ex senador de Dajab\u00f3n, Mario Torres fue nombrado en el Instituto Nacional de Recursos Hidr\u00e1ulicos (INDRHI) con un sueldo de 100 mil pesos.<\/span><\/p>\n<\/p>\n<p><span class=\"text1noticias\">Sonia Mateo indic\u00f3 que Torres fue elegido para ocupar el puesto de asesor del director del INDRHI, Olgo Fern\u00e1ndez.<\/span><\/p>\n<\/p>\n<p><span class=\"text1noticias\">Entrevistada en el programa \u00a8Hilando Fino\u00a8 conducido por el periodista Salvador Holgu\u00edn de lunes a viernes a las 8:00 AM a trav\u00e9s de Teleradio Am\u00e9rica canal 45, Sonia Mateo se refiri\u00f3 a las elecciones del 2010 y dijo que Mario Torres no se puede quejar de haber perdido, puesto que cosech\u00f3 lo que sembr\u00f3, y aun as\u00ed ha logrado una buena posici\u00f3n.<\/span><\/p>\n<\/p>\n<p><span class=\"text1noticias\">La legisladora dijo que tambi\u00e9n al ex senador Torres, el director del INDRHI Olgo Fern\u00e1ndez le nombr\u00f3 25 personas las cuales son seguidores del ex legislador.<\/span><\/p>\n<\/p>\n<p><strong><span class=\"text1noticias\">Fiel Leonelista<\/span><\/strong><\/p>\n<\/p>\n<p><span class=\"text1noticias\">Al ser cuestionada sobre la opini\u00f3n que  tienen los danilista de ella, Sonia Mateo, quien es  seguidora del ex presidente Leonel Fern\u00e1ndez, dijo que no cree que el presidente Danilo Medina tenga la intenci\u00f3n de desplazarla de la senadur\u00eda, debido a que trabaj\u00f3 directamente con \u00e9l en las pasadas elecciones para que \u00e9l hoy sea el presidente.<\/span><\/p>\n<\/p>\n<p><span class=\"text1noticias\">La senadora mostr\u00f3 su gran admiraci\u00f3n por el ex presidente  Fern\u00e1ndez y expres\u00f3 que siempre estar\u00e1 dispuesta a defenderlo, porque  quien enfrenta al presidente del PLD injustamente tambi\u00e9n la enfrenta a ella.<\/span><\/p>\n<\/p>\n<p><span class=\"text1noticias\">Mateo expres\u00f3 que Leonel Fern\u00e1ndez es uno de los pol\u00edticos m\u00e1s responsables y que siempre cumple los acuerdos.<\/span><\/p>\n<\/p>\n<p><span class=\"text1noticias\">Resalt\u00f3 que quien conoce a Fern\u00e1ndez y se va en su contra, es porque solo lo mueve el inter\u00e9s y el dinero.<\/span><\/p>\n<\/p>\n<p><span class=\"text1noticias\">El programa \u00abHilando Fino\u00bb se transmite de lunes a viernes a las 8 am por Teleradio Am\u00e9rica canal 45 y para los Estados Unidos, Centro Am\u00e9rica y Europa por S\u00faper Canal Caribe, Cablevisi\u00f3n 211, Comcast 620, Time Warner Cable 809 y Verizon FiOS 1507 y por la Internet www.hilandofinotv.com, en youtube \/hilandofinotv.<\/span><\/p>\n<\/p>\n<\/p>\n<h6> 2014-10-25 04:36:07 <\/h6>\n<p><!--\n<link rel=\"stylesheet\" href=\"css\/bootstrap.min.css\">\n\n\n<ul class=\"pagination\">\n\t    \n\t\n\n<li >\n\t<a href='?page_no=14262'>Previous<\/a>\n\t<\/li>\n\n\n       \n    \n\n<li><a href='?page_no=1'>1<\/a><\/li>\n\n\n\n<li><a href='?page_no=2'>2<\/a><\/li>\n\n\n\n<li><a>...<\/a><\/li>\n\n\n\n<li><a href='?page_no=14261'>14261<\/a><\/li>\n\n\n\n<li><a href='?page_no=14262'>14262<\/a><\/li>\n\n\n\n<li class='active'><a>14263<\/a><\/li>\n\n\n\n<li><a href='?page_no=14264'>14264<\/a><\/li>\n\n\n\n<li><a href='?page_no=14265'>14265<\/a><\/li>\n\n\n\n<li><a>...<\/a><\/li>\n\n\n\n<li><a href='?page_no=36999'>36999<\/a><\/li>\n\n\n\n<li><a href='?page_no=37000'>37000<\/a><\/li>\n\n    \n\t\n\n<li >\n\t<a href='?page_no=14264'>Next<\/a>\n\t<\/li>\n\n\n    \n\n<li><a href='?page_no=37000'>Last &rsaquo;&rsaquo;<\/a><\/li>\n\n<\/ul>\n\n\n--><br \/>\n<\/body><\/p>\n","protected":false},"excerpt":{"rendered":"<p>Sonia Mateo indic\u00f3 que Torres fue elegido para ocupar el puesto de asesor del director del INDRHI, Olgo Fern\u00e1ndez. SANTO DOMINGO, RD, 25 de Octubre de 2014.- La Senadora del Partido de la Liberaci\u00f3n Dominicana (PLD) Sonia Mateo dijo que el ex senador de Dajab\u00f3n, Mario Torres fue nombrado en el Instituto Nacional de Recursos [&hellip;]<\/p>\n","protected":false},"author":3,"featured_media":0,"comment_status":"open","ping_status":"open","sticky":false,"template":"","format":"standard","meta":{"footnotes":""},"categories":[22],"tags":[],"class_list":["post-161793","post","type-post","status-publish","format-standard","hentry","category-politica"],"_links":{"self":[{"href":"https:\/\/diariodominicano.com\/index.php?rest_route=\/wp\/v2\/posts\/161793","targetHints":{"allow":["GET"]}}],"collection":[{"href":"https:\/\/diariodominicano.com\/index.php?rest_route=\/wp\/v2\/posts"}],"about":[{"href":"https:\/\/diariodominicano.com\/index.php?rest_route=\/wp\/v2\/types\/post"}],"author":[{"embeddable":true,"href":"https:\/\/diariodominicano.com\/index.php?rest_route=\/wp\/v2\/users\/3"}],"replies":[{"embeddable":true,"href":"https:\/\/diariodominicano.com\/index.php?rest_route=%2Fwp%2Fv2%2Fcomments&post=161793"}],"version-history":[{"count":0,"href":"https:\/\/diariodominicano.com\/index.php?rest_route=\/wp\/v2\/posts\/161793\/revisions"}],"wp:attachment":[{"href":"https:\/\/diariodominicano.com\/index.php?rest_route=%2Fwp%2Fv2%2Fmedia&parent=161793"}],"wp:term":[{"taxonomy":"category","embeddable":true,"href":"https:\/\/diariodominicano.com\/index.php?rest_route=%2Fwp%2Fv2%2Fcategories&post=161793"},{"taxonomy":"post_tag","embeddable":true,"href":"https:\/\/diariodominicano.com\/index.php?rest_route=%2Fwp%2Fv2%2Ftags&post=161793"}],"curies":[{"name":"wp","href":"https:\/\/api.w.org\/{rel}","templated":true}]}}