{"id":161792,"date":"2014-10-25T04:56:30","date_gmt":"2014-10-25T04:56:30","guid":{"rendered":"http:\/\/diariodominicano.ddns.net\/?p=161792"},"modified":"2014-10-25T04:56:30","modified_gmt":"2014-10-25T04:56:30","slug":"cristina-lizardo-coordina-la-comision-organiza-actividades-a-juan-bosch","status":"publish","type":"post","link":"https:\/\/diariodominicano.com\/?p=161792","title":{"rendered":"Cristina Lizardo coordina la  comisi\u00f3n organiza actividades a Juan Bosch"},"content":{"rendered":"<p><body><\/p>\n<p><img decoding=\"async\" src=\"img3\/A-FOTO (14).JPG\" \/>  <\/p>\n<p><span class=\"text1noticias\">Santo Domingo, R. D., 24 de octubre.- El Partido de la Liberaci\u00f3n Dominicana (PLD)  se prepara para la conmemoraci\u00f3n del d\u00e9cimo tercer aniversario del fallecimiento del fundador y l\u00edder hist\u00f3rico de esa organizaci\u00f3n, Profesor Juan Bosch, quien falleci\u00f3 el 1 noviembre del 2001.<\/span><\/p>\n<p><span class=\"text1noticias\"> <\/span><\/p>\n<p><span class=\"text1noticias\">Cristina Lizardo, integrante del Comit\u00e9 Pol\u00edtico y coordinadora de una comisi\u00f3n designada para organizar los actos conmemorativos,  inform\u00f3 de una reuni\u00f3n realizada esta semana programando las actividades a desarrollarse.<\/span><\/p>\n<p><span class=\"text1noticias\"> <\/span><\/p>\n<p><span class=\"text1noticias\">Adelant\u00f3 que se organizan  ofrendas, actividades religiosas y un encuentro en la Casa Nacional para rendir tributo a l\u00edder hist\u00f3rico y mentor del Partido de la Liberaci\u00f3n Dominicana, Profesor Juan Bosch.<\/span><\/p>\n<p><span class=\"text1noticias\"> <\/span><\/p>\n<p><span class=\"text1noticias\">Lizardo precis\u00f3 que la semana que inicia el pr\u00f3ximo lunes, se informar\u00e1 oficialmente de las actividades planificadas y se invitara a los dirigentes a participar de la misma, as\u00ed como a los comit\u00e9s provinciales y municipales a que organicen actividades en sus comunidades.<\/span><\/p>\n<p><span class=\"text1noticias\"> <\/span><\/p>\n<p><span class=\"text1noticias\">El Profesor Juan Bosch falleci\u00f3 el primero de noviembre del 2001, v\u00edctima de una afecci\u00f3n del sistema respiratorio, velado en la ciudad capital y sepultado, cumpli\u00e9ndose sus deseos, en el Cementerio Ornamental de La Vega, ciudad que tambi\u00e9n le vio nacer.<\/span><\/p>\n<p><span class=\"text1noticias\"> <\/span><\/p>\n<p><span class=\"text1noticias\">Las actividades principales que se planifican para la conmemoraci\u00f3n del 13 aniversario del fallecimiento de Bosch,  se realizar\u00e1n en el Distrito Nacional y en La Vega.<\/span><\/p>\n<h6> 2014-10-25 04:56:30 <\/h6>\n<p><!--\n<link rel=\"stylesheet\" href=\"css\/bootstrap.min.css\">\n\n\n<ul class=\"pagination\">\n\t    \n\t\n\n<li >\n\t<a href='?page_no=14261'>Previous<\/a>\n\t<\/li>\n\n\n       \n    \n\n<li><a href='?page_no=1'>1<\/a><\/li>\n\n\n\n<li><a href='?page_no=2'>2<\/a><\/li>\n\n\n\n<li><a>...<\/a><\/li>\n\n\n\n<li><a href='?page_no=14260'>14260<\/a><\/li>\n\n\n\n<li><a href='?page_no=14261'>14261<\/a><\/li>\n\n\n\n<li class='active'><a>14262<\/a><\/li>\n\n\n\n<li><a href='?page_no=14263'>14263<\/a><\/li>\n\n\n\n<li><a href='?page_no=14264'>14264<\/a><\/li>\n\n\n\n<li><a>...<\/a><\/li>\n\n\n\n<li><a href='?page_no=36999'>36999<\/a><\/li>\n\n\n\n<li><a href='?page_no=37000'>37000<\/a><\/li>\n\n    \n\t\n\n<li >\n\t<a href='?page_no=14263'>Next<\/a>\n\t<\/li>\n\n\n    \n\n<li><a href='?page_no=37000'>Last &rsaquo;&rsaquo;<\/a><\/li>\n\n<\/ul>\n\n\n--><br \/>\n<\/body><\/p>\n","protected":false},"excerpt":{"rendered":"<p>Santo Domingo, R. D., 24 de octubre.- El Partido de la Liberaci\u00f3n Dominicana (PLD) se prepara para la conmemoraci\u00f3n del d\u00e9cimo tercer aniversario del fallecimiento del fundador y l\u00edder hist\u00f3rico de esa organizaci\u00f3n, Profesor Juan Bosch, quien falleci\u00f3 el 1 noviembre del 2001. Cristina Lizardo, integrante del Comit\u00e9 Pol\u00edtico y coordinadora de una comisi\u00f3n designada [&hellip;]<\/p>\n","protected":false},"author":3,"featured_media":0,"comment_status":"open","ping_status":"open","sticky":false,"template":"","format":"standard","meta":{"footnotes":""},"categories":[22],"tags":[],"class_list":["post-161792","post","type-post","status-publish","format-standard","hentry","category-politica"],"_links":{"self":[{"href":"https:\/\/diariodominicano.com\/index.php?rest_route=\/wp\/v2\/posts\/161792","targetHints":{"allow":["GET"]}}],"collection":[{"href":"https:\/\/diariodominicano.com\/index.php?rest_route=\/wp\/v2\/posts"}],"about":[{"href":"https:\/\/diariodominicano.com\/index.php?rest_route=\/wp\/v2\/types\/post"}],"author":[{"embeddable":true,"href":"https:\/\/diariodominicano.com\/index.php?rest_route=\/wp\/v2\/users\/3"}],"replies":[{"embeddable":true,"href":"https:\/\/diariodominicano.com\/index.php?rest_route=%2Fwp%2Fv2%2Fcomments&post=161792"}],"version-history":[{"count":0,"href":"https:\/\/diariodominicano.com\/index.php?rest_route=\/wp\/v2\/posts\/161792\/revisions"}],"wp:attachment":[{"href":"https:\/\/diariodominicano.com\/index.php?rest_route=%2Fwp%2Fv2%2Fmedia&parent=161792"}],"wp:term":[{"taxonomy":"category","embeddable":true,"href":"https:\/\/diariodominicano.com\/index.php?rest_route=%2Fwp%2Fv2%2Fcategories&post=161792"},{"taxonomy":"post_tag","embeddable":true,"href":"https:\/\/diariodominicano.com\/index.php?rest_route=%2Fwp%2Fv2%2Ftags&post=161792"}],"curies":[{"name":"wp","href":"https:\/\/api.w.org\/{rel}","templated":true}]}}