{"id":161790,"date":"2014-10-25T14:29:09","date_gmt":"2014-10-25T14:29:09","guid":{"rendered":"http:\/\/diariodominicano.ddns.net\/?p=161790"},"modified":"2014-10-25T14:29:09","modified_gmt":"2014-10-25T14:29:09","slug":"comision-del-pld-observa-elecciones-de-brasil-que-se-desarrollan-este-domingo","status":"publish","type":"post","link":"https:\/\/diariodominicano.com\/?p=161790","title":{"rendered":"Comisi\u00f3n del PLD observa elecciones de Brasil que se desarrollan este domingo"},"content":{"rendered":"<p><body><\/p>\n<p><img decoding=\"async\" src=\"img3\/casa 25.jpg\" \/>  <\/p>\n<p>Santo Domingo RD 25 octubre.- Danilo D\u00edaz, secretario de Asuntos Electorales del Partido de la Liberaci\u00f3n Dominicana y Manolo Pichardo, miembro del Comit\u00e9 Central del PLD y diputado al Parlamento Centroamericano (PARLACEN) viajaron este jueves a Brasilia en donde participaran como observadores en la elecciones de Brasil, que se desarrollan este domingo en segunda vuelta <\/p>\n<\/p>\n<p>D\u00edaz y Pichardo son invitados por el Partido de los Trabajadores de Brasil (PT) , organizaci\u00f3n que postula a la presidenta Dilma Rousseff, quien seg\u00fan las encuestas de esta semana aventaja con seis y ocho puntos porcentuales a su contendor A\u00e9cio Neves, <\/p>\n<\/p>\n<p>Este viernes ambos candidatos asisten al \u00faltimo debate televiso, previo a los comicios del domingo pr\u00f3ximo. <\/p>\n<\/p>\n<p>\u00abEstas han sido unas elecciones llenas de sorpresas, primero por la muerte de Eduardo Campos del Partido Socialista de Brasil,  PSB  y luego por el inesperado ascenso de Marina Silva quien completaba esa formula presidencial. El desplome posterior de \u00e9sta y el remonte de A\u00e9cio Neves del tradicional Partido Socialista Democr\u00e1tico de Brasil, PSDB,  que pas\u00f3 a la segunda vuelta y que lleg\u00f3 a superar en 2 puntos porcentuales a la presidenta Dilma hace un par se semanas\u00bb escribi\u00f3 desde la capital carioca Manolo Pichardo con una amplia experiencia como observador electoral en comicios de la regi\u00f3n  <\/p>\n<\/p>\n<p>Pichardo en un primer informe a la Secretaria de Relaciones Internacionales del PLD apunta sobre el repunte que ha obtenido Dilma Rousseff en los d\u00edas v\u00edsperas de las elecciones, que la proyectan como ganadora de la consulta <\/p>\n<\/p>\n<p>\u00abEs un repunte sostenido de la presidenta que en las ultimas mediciones le lleva a Neves entre 5 y 8 puntos porcentuales seg\u00fan todas las encuestas\u00bb escribi\u00f3 Manolo Pichardo. <\/p>\n<\/p>\n<h6> 2014-10-25 14:29:09 <\/h6>\n<p><!--\n<link rel=\"stylesheet\" href=\"css\/bootstrap.min.css\">\n\n\n<ul class=\"pagination\">\n\t    \n\t\n\n<li >\n\t<a href='?page_no=14259'>Previous<\/a>\n\t<\/li>\n\n\n       \n    \n\n<li><a href='?page_no=1'>1<\/a><\/li>\n\n\n\n<li><a href='?page_no=2'>2<\/a><\/li>\n\n\n\n<li><a>...<\/a><\/li>\n\n\n\n<li><a href='?page_no=14258'>14258<\/a><\/li>\n\n\n\n<li><a href='?page_no=14259'>14259<\/a><\/li>\n\n\n\n<li class='active'><a>14260<\/a><\/li>\n\n\n\n<li><a href='?page_no=14261'>14261<\/a><\/li>\n\n\n\n<li><a href='?page_no=14262'>14262<\/a><\/li>\n\n\n\n<li><a>...<\/a><\/li>\n\n\n\n<li><a href='?page_no=36999'>36999<\/a><\/li>\n\n\n\n<li><a href='?page_no=37000'>37000<\/a><\/li>\n\n    \n\t\n\n<li >\n\t<a href='?page_no=14261'>Next<\/a>\n\t<\/li>\n\n\n    \n\n<li><a href='?page_no=37000'>Last &rsaquo;&rsaquo;<\/a><\/li>\n\n<\/ul>\n\n\n--><br \/>\n<\/body><\/p>\n","protected":false},"excerpt":{"rendered":"<p>Santo Domingo RD 25 octubre.- Danilo D\u00edaz, secretario de Asuntos Electorales del Partido de la Liberaci\u00f3n Dominicana y Manolo Pichardo, miembro del Comit\u00e9 Central del PLD y diputado al Parlamento Centroamericano (PARLACEN) viajaron este jueves a Brasilia en donde participaran como observadores en la elecciones de Brasil, que se desarrollan este domingo en segunda vuelta [&hellip;]<\/p>\n","protected":false},"author":3,"featured_media":0,"comment_status":"open","ping_status":"open","sticky":false,"template":"","format":"standard","meta":{"footnotes":""},"categories":[22],"tags":[],"class_list":["post-161790","post","type-post","status-publish","format-standard","hentry","category-politica"],"_links":{"self":[{"href":"https:\/\/diariodominicano.com\/index.php?rest_route=\/wp\/v2\/posts\/161790","targetHints":{"allow":["GET"]}}],"collection":[{"href":"https:\/\/diariodominicano.com\/index.php?rest_route=\/wp\/v2\/posts"}],"about":[{"href":"https:\/\/diariodominicano.com\/index.php?rest_route=\/wp\/v2\/types\/post"}],"author":[{"embeddable":true,"href":"https:\/\/diariodominicano.com\/index.php?rest_route=\/wp\/v2\/users\/3"}],"replies":[{"embeddable":true,"href":"https:\/\/diariodominicano.com\/index.php?rest_route=%2Fwp%2Fv2%2Fcomments&post=161790"}],"version-history":[{"count":0,"href":"https:\/\/diariodominicano.com\/index.php?rest_route=\/wp\/v2\/posts\/161790\/revisions"}],"wp:attachment":[{"href":"https:\/\/diariodominicano.com\/index.php?rest_route=%2Fwp%2Fv2%2Fmedia&parent=161790"}],"wp:term":[{"taxonomy":"category","embeddable":true,"href":"https:\/\/diariodominicano.com\/index.php?rest_route=%2Fwp%2Fv2%2Fcategories&post=161790"},{"taxonomy":"post_tag","embeddable":true,"href":"https:\/\/diariodominicano.com\/index.php?rest_route=%2Fwp%2Fv2%2Ftags&post=161790"}],"curies":[{"name":"wp","href":"https:\/\/api.w.org\/{rel}","templated":true}]}}