{"id":161788,"date":"2014-10-26T04:06:51","date_gmt":"2014-10-26T04:06:51","guid":{"rendered":"http:\/\/diariodominicano.ddns.net\/?p=161788"},"modified":"2014-10-26T04:06:51","modified_gmt":"2014-10-26T04:06:51","slug":"leonel-fernandez-destaca-logros-de-los-gobiernos-peledeistas","status":"publish","type":"post","link":"https:\/\/diariodominicano.com\/?p=161788","title":{"rendered":"Leonel Fern\u00e1ndez destaca logros de los gobiernos peledeistas&#13;"},"content":{"rendered":"<p><body><\/p>\n<p><img decoding=\"async\" src=\"img3\/image(3) (1).jpeg\" \/>  <\/p>\n<p><span class=\"text1noticias\">Jacagua, Municipio Santo Domingo Norte, 25 de Octubre de 2014.- El expresidente Leonel Fern\u00e1ndez, destac\u00f3 hoy los logros de los gobiernos pelede\u00edstas en materia de construcci\u00f3n de obras de infraestructura y la municipalidad, y dijo que \u00abtiene el uniforme puesto calentando en el bulpen del estadio\u00bb del Partido de la Liberaci\u00f3n Dominicana (PLD).<\/span><\/p>\n<p><span class=\"text1noticias\"> <\/span><\/p>\n<p><span class=\"text1noticias\">Indic\u00f3 que en los gobiernos que encabez\u00f3 el presupuesto de la municipalidad se triplic\u00f3 de 5 mil millones a 15 mil millones. \u00abCuando nosotros llegamos al poder por vez primera en 1996 el poder pol\u00edtico en la Rep\u00fablica Dominicana se encontraba concentrado a nivel del Poder Ejecutivo y la relaci\u00f3n que se produc\u00eda con la municipalidad era de una forma de transferencia de fondos\u00bb.<\/span><\/p>\n<p><span class=\"text1noticias\"> <\/span><\/p>\n<p><span class=\"text1noticias\">Agreg\u00f3 que una de las grandes conquistas de sus gobiernos ha sido el proceso de descentralizaci\u00f3n y transformaci\u00f3n de la municipalidad. Es decir de c\u00f3mo se transfiere el poder pol\u00edtico y administrativo desde el Poder Ejecutivo hacia la municipalidad y eso se ha logrado en los gobiernos del PLD.<\/span><\/p>\n<p><span class=\"text1noticias\"> <\/span><\/p>\n<p><span class=\"text1noticias\">Fern\u00e1ndez expres\u00f3 que durante los gobiernos del PLD el pa\u00eds se ha transformado con la rehabilitaci\u00f3n y reconstrucci\u00f3n de carreteras y autopistas en todas las ciudades y provincias del pa\u00eds.<\/span><\/p>\n<p><span class=\"text1noticias\"> <\/span><\/p>\n<p><span class=\"text1noticias\">Agreg\u00f3 que si ahora mismo usted se dirige hacia la regi\u00f3n Este, desde la Caleta, Boca Chica hasta Juan Dolio y de Juan Dolio hasta San Pedro de Macor\u00eds esas obras son del PLD. Tambi\u00e9n las carreteras San Pedro de Macor\u00eds-La Romana-Higuey, Punta Cana-Uvero Alto y la de El Coral, as\u00ed como el puente sobre el r\u00edo Soco.<\/span><\/p>\n<p><span class=\"text1noticias\"> <\/span><\/p>\n<p><span class=\"text1noticias\">El exgobernante habl\u00f3 en un \u00abEncuentro Municipalistas con Leonel\u00bb, efectuado en el municipio Santo Domingo Norte, donde cit\u00f3 tambi\u00e9n la autopista Duarte, las carreteras Casabito-Constanza-Jarabacoa, avenida Circunvalaci\u00f3n, de Santiago, carretera Montecristi-Dajab\u00f3n, San Crist\u00f3bal-Ban\u00ed-Azua-San Juan de la Maguana-El\u00edas Pi\u00f1a, entre otras obras.<\/span><\/p>\n<p><span class=\"text1noticias\"> <\/span><\/p>\n<p><span class=\"text1noticias\">El exjefe de Estado sostuvo que todo el territorio nacional ha sido modificado en los gobiernos del PLD, por lo que ese partido seguir\u00e1 gobernando m\u00e1s all\u00e1 del 2016 porque ha depositado su confianza en el coraz\u00f3n de la mayor\u00eda del pueblo dominicano.<\/span><\/p>\n<p><span class=\"text1noticias\"> <\/span><\/p>\n<p><span class=\"text1noticias\">En el encuentro estaban presentes decenas de alcaldes, alcaldesas, regidores y regidoras, senadores y diputados entre otros miembros de la municipalidad, que ped\u00edan a gritos al expresidente Fern\u00e1ndez que acepte la precandidatura presidencial del PLD para el 2016.<\/span><\/p>\n<p><span class=\"text1noticias\"> <\/span><\/p>\n<p><span class=\"text1noticias\">En el acto hablaron el secretario de asuntos municipales del PLD, Ignacio Ditr\u00e9n, los alcaldes del Distrito Nacional, San Juan de la Maguana y Sabana de la Mar, Roberto Salcedo, Hanoi S\u00e1nchez y Aura Salda\u00f1a (Cuchi), as\u00ed como los regidores Abel D\u00edaz Guerrero y Francisco Concepci\u00f3n, entre otros.<\/span><\/p>\n<p><span class=\"text1noticias\"> <\/span><\/p>\n<p><span class=\"text1noticias\">Entre los senadores estaban Adriano S\u00e1nchez Roa, Jos\u00e9 Rafael Vargas, Francis Vargas, Eddy Mateo, Sonia Mateo, Manuel de Paula, Aristides Victoria, Manuel Guichardo y el vocero del bloque de diputados del PLD, Rub\u00e9n Maldonado, entre otros legi<\/span>sladores.<\/p>\n<h6> 2014-10-26 04:06:51 <\/h6>\n<p><!--\n<link rel=\"stylesheet\" href=\"css\/bootstrap.min.css\">\n\n\n<ul class=\"pagination\">\n\t    \n\t\n\n<li >\n\t<a href='?page_no=14258'>Previous<\/a>\n\t<\/li>\n\n\n       \n    \n\n<li><a href='?page_no=1'>1<\/a><\/li>\n\n\n\n<li><a href='?page_no=2'>2<\/a><\/li>\n\n\n\n<li><a>...<\/a><\/li>\n\n\n\n<li><a href='?page_no=14257'>14257<\/a><\/li>\n\n\n\n<li><a href='?page_no=14258'>14258<\/a><\/li>\n\n\n\n<li class='active'><a>14259<\/a><\/li>\n\n\n\n<li><a href='?page_no=14260'>14260<\/a><\/li>\n\n\n\n<li><a href='?page_no=14261'>14261<\/a><\/li>\n\n\n\n<li><a>...<\/a><\/li>\n\n\n\n<li><a href='?page_no=36999'>36999<\/a><\/li>\n\n\n\n<li><a href='?page_no=37000'>37000<\/a><\/li>\n\n    \n\t\n\n<li >\n\t<a href='?page_no=14260'>Next<\/a>\n\t<\/li>\n\n\n    \n\n<li><a href='?page_no=37000'>Last &rsaquo;&rsaquo;<\/a><\/li>\n\n<\/ul>\n\n\n--><br \/>\n<\/body><\/p>\n","protected":false},"excerpt":{"rendered":"<p>Jacagua, Municipio Santo Domingo Norte, 25 de Octubre de 2014.- El expresidente Leonel Fern\u00e1ndez, destac\u00f3 hoy los logros de los gobiernos pelede\u00edstas en materia de construcci\u00f3n de obras de infraestructura y la municipalidad, y dijo que \u00abtiene el uniforme puesto calentando en el bulpen del estadio\u00bb del Partido de la Liberaci\u00f3n Dominicana (PLD). Indic\u00f3 que [&hellip;]<\/p>\n","protected":false},"author":3,"featured_media":0,"comment_status":"open","ping_status":"open","sticky":false,"template":"","format":"standard","meta":{"footnotes":""},"categories":[22],"tags":[],"class_list":["post-161788","post","type-post","status-publish","format-standard","hentry","category-politica"],"_links":{"self":[{"href":"https:\/\/diariodominicano.com\/index.php?rest_route=\/wp\/v2\/posts\/161788","targetHints":{"allow":["GET"]}}],"collection":[{"href":"https:\/\/diariodominicano.com\/index.php?rest_route=\/wp\/v2\/posts"}],"about":[{"href":"https:\/\/diariodominicano.com\/index.php?rest_route=\/wp\/v2\/types\/post"}],"author":[{"embeddable":true,"href":"https:\/\/diariodominicano.com\/index.php?rest_route=\/wp\/v2\/users\/3"}],"replies":[{"embeddable":true,"href":"https:\/\/diariodominicano.com\/index.php?rest_route=%2Fwp%2Fv2%2Fcomments&post=161788"}],"version-history":[{"count":0,"href":"https:\/\/diariodominicano.com\/index.php?rest_route=\/wp\/v2\/posts\/161788\/revisions"}],"wp:attachment":[{"href":"https:\/\/diariodominicano.com\/index.php?rest_route=%2Fwp%2Fv2%2Fmedia&parent=161788"}],"wp:term":[{"taxonomy":"category","embeddable":true,"href":"https:\/\/diariodominicano.com\/index.php?rest_route=%2Fwp%2Fv2%2Fcategories&post=161788"},{"taxonomy":"post_tag","embeddable":true,"href":"https:\/\/diariodominicano.com\/index.php?rest_route=%2Fwp%2Fv2%2Ftags&post=161788"}],"curies":[{"name":"wp","href":"https:\/\/api.w.org\/{rel}","templated":true}]}}