{"id":161787,"date":"2014-10-26T14:33:06","date_gmt":"2014-10-26T14:33:06","guid":{"rendered":"http:\/\/diariodominicano.ddns.net\/?p=161787"},"modified":"2014-10-26T14:33:06","modified_gmt":"2014-10-26T14:33:06","slug":"leonel-califica-a-morales-troncoso-como-un-patriota-que-defendio-la-rd","status":"publish","type":"post","link":"https:\/\/diariodominicano.com\/?p=161787","title":{"rendered":"Leonel  califica a Morales Troncoso como un patriota que defendi\u00f3 la RD"},"content":{"rendered":"<p><body><\/p>\n<p><img decoding=\"async\" src=\"img3\/unnamed (2) (2).jpg\" \/>  <\/p>\n<p><strong><span class=\"text1noticias\">El ex presidente Leonel Fern\u00e1ndez, al enterarse del fallecimiento del ingeniero Morales Troncoso, orden\u00f3 suspender las actividades pol\u00edticas que ten\u00eda programadas para este domingo en la provincia San Crist\u00f3bal.<\/span><\/strong><\/p>\n<\/p>\n<\/p>\n<p><strong><span class=\"text1noticias\">SANTO DOMINGO, RD, 26 de Octubre de 2014.<\/span><\/strong><span class=\"text1noticias\">&#8211; El ex presidente Leonel Fern\u00e1ndez, calific\u00f3 anoche al fallecido ex vicepresidente de la Rep\u00fablica, ingeniero Carlos Morales Troncoso como un gran amigo personal, empresario exitoso y un patriota que defendi\u00f3 siempre en el \u00e1mbito internacional y nacional los mejores valores del pa\u00eds.<\/span><\/p>\n<\/p>\n<p><span class=\"text1noticias\">Dijo que el ex canciller Morales Troncoso permanecer\u00e1 siempre entre los dominicanos por su ejemplo moral, pol\u00edtico, familiar y \u00e9tico, por lo cual dijo, su memoria perdurar\u00e1 en el tiempo.<\/span><\/p>\n<\/p>\n<p><span class=\"text1noticias\">El ex gobernante en un discurso pronunciado durante el lanzamiento del movimiento \u00abSector Salud con Leonel\u00bb, donde se dieron cita miles de trabajadores de esa \u00e1rea, entre ellos, m\u00e9dicos, enfermeras, bionalistas y laboratoristas, en el Club Los Prados, en esta capital, lament\u00f3 la muerte de Morales Troncoso.<\/span><\/p>\n<\/p>\n<p><span class=\"text1noticias\">Antes de iniciar el acto, el maestro de ceremonia pidi\u00f3 un minuto de silencio a los presentes a la memoria del ex vicepresidente y excanciller de la Rep\u00fablica, Morales Troncoso.<\/span><\/p>\n<\/p>\n<p><span class=\"text1noticias\">Fern\u00e1ndez agreg\u00f3 que \u00abhace unos instantes se les pidi\u00f3 a todos ustedes ponerse de pie y guardar un minuto de silencio en memoria de un gran ciudadano dominicano  lamentablemente fallecido en el d\u00eda de hoy, ingeniero Carlos Morales Troncoso\u00bb.<\/span><\/p>\n<\/p>\n<p><span class=\"text1noticias\">Revel\u00f3 que \u00abdebido a la estrecha relaci\u00f3n personal y afectiva que mantuve con \u00e9l, antes de iniciar formalmente mis palabras quer\u00eda solo compartir con ustedes el hecho de que para m\u00ed el ingeniero Morales Troncoso no solamente fue un gran amigo personal, sino un exitoso empresario y un patriota que defendi\u00f3 en el \u00e1mbito internacional y nacional los mejores valores de la Rep\u00fablica Dominicana\u00bb.<\/span><\/p>\n<\/p>\n<p><span class=\"text1noticias\">\u00abHace un instante les rendimos un minuto de silencio a la memoria del ingeniero Carlos Morales Troncoso, ahora les pido que se pongan todos de pie pero no para lamentar la muerte, sino para celebrar su vida ejemplar\u00bb.<\/span><\/p>\n<\/p>\n<p><span class=\"text1noticias\">El ex presidente, al enterarse del fallecimiento del ingeniero Morales Troncoso, orden\u00f3 suspender las actividades pol\u00edticas que ten\u00eda programadas para este domingo en la provincia San Crist\u00f3bal.<\/span><\/p>\n<\/p>\n<\/p>\n<\/p>\n<\/p>\n<h6> 2014-10-26 14:33:06 <\/h6>\n<p><!--\n<link rel=\"stylesheet\" href=\"css\/bootstrap.min.css\">\n\n\n<ul class=\"pagination\">\n\t    \n\t\n\n<li >\n\t<a href='?page_no=14257'>Previous<\/a>\n\t<\/li>\n\n\n       \n    \n\n<li><a href='?page_no=1'>1<\/a><\/li>\n\n\n\n<li><a href='?page_no=2'>2<\/a><\/li>\n\n\n\n<li><a>...<\/a><\/li>\n\n\n\n<li><a href='?page_no=14256'>14256<\/a><\/li>\n\n\n\n<li><a href='?page_no=14257'>14257<\/a><\/li>\n\n\n\n<li class='active'><a>14258<\/a><\/li>\n\n\n\n<li><a href='?page_no=14259'>14259<\/a><\/li>\n\n\n\n<li><a href='?page_no=14260'>14260<\/a><\/li>\n\n\n\n<li><a>...<\/a><\/li>\n\n\n\n<li><a href='?page_no=36999'>36999<\/a><\/li>\n\n\n\n<li><a href='?page_no=37000'>37000<\/a><\/li>\n\n    \n\t\n\n<li >\n\t<a href='?page_no=14259'>Next<\/a>\n\t<\/li>\n\n\n    \n\n<li><a href='?page_no=37000'>Last &rsaquo;&rsaquo;<\/a><\/li>\n\n<\/ul>\n\n\n--><br \/>\n<\/body><\/p>\n","protected":false},"excerpt":{"rendered":"<p>El ex presidente Leonel Fern\u00e1ndez, al enterarse del fallecimiento del ingeniero Morales Troncoso, orden\u00f3 suspender las actividades pol\u00edticas que ten\u00eda programadas para este domingo en la provincia San Crist\u00f3bal. SANTO DOMINGO, RD, 26 de Octubre de 2014.&#8211; El ex presidente Leonel Fern\u00e1ndez, calific\u00f3 anoche al fallecido ex vicepresidente de la Rep\u00fablica, ingeniero Carlos Morales Troncoso [&hellip;]<\/p>\n","protected":false},"author":3,"featured_media":0,"comment_status":"open","ping_status":"open","sticky":false,"template":"","format":"standard","meta":{"footnotes":""},"categories":[22],"tags":[],"class_list":["post-161787","post","type-post","status-publish","format-standard","hentry","category-politica"],"_links":{"self":[{"href":"https:\/\/diariodominicano.com\/index.php?rest_route=\/wp\/v2\/posts\/161787","targetHints":{"allow":["GET"]}}],"collection":[{"href":"https:\/\/diariodominicano.com\/index.php?rest_route=\/wp\/v2\/posts"}],"about":[{"href":"https:\/\/diariodominicano.com\/index.php?rest_route=\/wp\/v2\/types\/post"}],"author":[{"embeddable":true,"href":"https:\/\/diariodominicano.com\/index.php?rest_route=\/wp\/v2\/users\/3"}],"replies":[{"embeddable":true,"href":"https:\/\/diariodominicano.com\/index.php?rest_route=%2Fwp%2Fv2%2Fcomments&post=161787"}],"version-history":[{"count":0,"href":"https:\/\/diariodominicano.com\/index.php?rest_route=\/wp\/v2\/posts\/161787\/revisions"}],"wp:attachment":[{"href":"https:\/\/diariodominicano.com\/index.php?rest_route=%2Fwp%2Fv2%2Fmedia&parent=161787"}],"wp:term":[{"taxonomy":"category","embeddable":true,"href":"https:\/\/diariodominicano.com\/index.php?rest_route=%2Fwp%2Fv2%2Fcategories&post=161787"},{"taxonomy":"post_tag","embeddable":true,"href":"https:\/\/diariodominicano.com\/index.php?rest_route=%2Fwp%2Fv2%2Ftags&post=161787"}],"curies":[{"name":"wp","href":"https:\/\/api.w.org\/{rel}","templated":true}]}}