{"id":161785,"date":"2014-10-26T15:31:44","date_gmt":"2014-10-26T15:31:44","guid":{"rendered":"http:\/\/diariodominicano.ddns.net\/?p=161785"},"modified":"2014-10-26T15:31:44","modified_gmt":"2014-10-26T15:31:44","slug":"senador-sosa-pide-eliminar-exenciones-a-todos-los-sectores","status":"publish","type":"post","link":"https:\/\/diariodominicano.com\/?p=161785","title":{"rendered":"Senador Sosa pide eliminar exenciones a todos los sectores"},"content":{"rendered":"<p><body><\/p>\n<p><img decoding=\"async\" src=\"img3\/soso 26.jpg\" \/>  <\/p>\n<p>Santo Domingo RD 26 octubre.- El Presidente de la Comisi\u00f3n de Seguridad Social del Senado, licenciado Jos\u00e9 Mar\u00eda Sosa afirm\u00f3 que a pesar de los esfuerzos hecho por la Comisi\u00f3n Bicameral, que estudia el controversial proyecto de presupuesto, no hay condiciones para modificar la pieza, por lo que ser\u00e1 necesario aprobarla como fue enviada por el Poder Ejecutivo.<\/p>\n<\/p>\n<p>El tambi\u00e9n senador oficialista por la provincia de San Pedro de Macor\u00eds, asegur\u00f3 que los congresistas est\u00e1n haciendo lo que hay que hacer en procura de atender los reclamos de todos los sectores, pero el propio Presidente de la Rep\u00fablica, y los t\u00e9cnicos que le acompa\u00f1an han sido sinceros, sobre la realidad del presupuesto, y los recortes de las instituciones.<\/p>\n<\/p>\n<p>Los ojos del pa\u00eds est\u00e1n puestos en la Comisi\u00f3n Bicameral que analiza la pieza, luego de que el presidente de la misma, senador Tommy Gal\u00e1n revelara que posiblemente esta semana den a conocer al pleno el informe definitivo, luego de haber escuchado a todos los sectores.<\/p>\n<\/p>\n<p>?? Yo creo, que no hay condiciones para modificarlo, no porque los  honorables senadores no tengan las instrucciones, podr\u00edan  darse algunos matices de formalidad de errores, pero el contenido del presupuesto no se va a cambiar, yo dudo que se cambie, nadie est\u00e1 obligado a lo imposible,  y si el presidente de la Rep\u00fablica, el cual nosotros creemos,  y los t\u00e9cnicos que le acompa\u00f1an dicen que no  se puede dar m\u00e1s fondos,  que usted quiere que hagamos??, manifest\u00f3 Sosa.<\/p>\n<\/p>\n<p>Al ser entrevistado por Elvis Lima en el programa Fuera de Record, del canal 45, Jos\u00e9 Mar\u00eda Sosa  consider\u00f3 que m\u00e1s que la aprobaci\u00f3n, lo importante es que aparezcan los recursos a la hora de ejecutar lo contemplado en cada partida, y critic\u00f3 el hecho de que muchas veces los recursos est\u00e1n en el presupuesto, pero al final nunca aparecen para realizar las obras.<\/p>\n<\/p>\n<p>??Lo importante no es que te pongan en el presupuesto, es que te den los recursos, porque nosotros especialmente, hay una carretera  que va desde Hato Mayor cruzando por el Distrito Municipal del Puerto de San Jos\u00e9 de Los Llanos, hasta llegar a Monte Plata que tiene como cuatro a\u00f1os cayendo en el presupuesto,  y no se le ha puesto la mano nunca,  ahora mismo en  el actual presupuesto est\u00e1 esa carretera, y yo estoy seguro que no se  va hacer??, precis\u00f3 Sosa.<\/p>\n<\/p>\n<\/p>\n<\/p>\n<p>QUITAR EXENSIONES.<\/p>\n<\/p>\n<p>Sobre la decisi\u00f3n del Presidente de la C\u00e1mara de Diputados, Abel Mart\u00ednez de retirar los fondos del llamado barrilito, Jos\u00e9 Mar\u00eda Sosa, afirm\u00f3 que aunque respeta la decisi\u00f3n de su compa\u00f1ero de partido, entiende que hay que esperar la postura del pleno, porque no es posible que donde existen tres poderes del Estado, un poder alimente el otro.<\/p>\n<\/p>\n<p>??Por ejemplo, el honorable diputado Abel Mart\u00ednez  toma la decisi\u00f3n valorable  de quitar fondos y asignarlo, es una decisi\u00f3n  que yo la respeto, ahora, \u00e9l no es el Poder Ejecutivo, y tanto el Congreso como la Suprema Corte de Justicia, reciben fondo, no de una asignaci\u00f3n sino  de un porcentaje del PBI??, manifest\u00f3 Sosa.<\/p>\n<\/p>\n<p>Indic\u00f3 que con los  fondos de la C\u00e1mara de Diputados, no se cubren los gastos del Poder Ejecutivo, por lo que llam\u00f3 a todos los sectores a luchar para quitar una serie de exenciones que no est\u00e1n pagando los impuestos.<\/p>\n<\/p>\n<p>??Hay unos casi 200 mil millones de  pesos, donde se le est\u00e1 dando una exenciones para  traer cosas a todas las Instituciones, son 200 mil millones, entonces, eso s\u00ed que hay que corregir, aqu\u00ed hay que pagar los impuestos necesarios, eso entiendo yo,  las iglesias reciben much\u00edsimas exenciones, que se la quiten tambi\u00e9n??, revel\u00f3 Sosa.<\/p>\n<\/p>\n<p>Asimismo, favoreci\u00f3 que se eliminen y que se analicen las ONG, porque todav\u00eda hay legisladores que tienen varias, y antes del PLD tomar el control, hab\u00eda congresistas que llegaron a tener hasta 10, por lo que devengan millones de pesos, mensuales, pero de eso hoy no se habla.<\/p>\n<\/p>\n<h6> 2014-10-26 15:31:44 <\/h6>\n<p><!--\n<link rel=\"stylesheet\" href=\"css\/bootstrap.min.css\">\n\n\n<ul class=\"pagination\">\n\t    \n\t\n\n<li >\n\t<a href='?page_no=14255'>Previous<\/a>\n\t<\/li>\n\n\n       \n    \n\n<li><a href='?page_no=1'>1<\/a><\/li>\n\n\n\n<li><a href='?page_no=2'>2<\/a><\/li>\n\n\n\n<li><a>...<\/a><\/li>\n\n\n\n<li><a href='?page_no=14254'>14254<\/a><\/li>\n\n\n\n<li><a href='?page_no=14255'>14255<\/a><\/li>\n\n\n\n<li class='active'><a>14256<\/a><\/li>\n\n\n\n<li><a href='?page_no=14257'>14257<\/a><\/li>\n\n\n\n<li><a href='?page_no=14258'>14258<\/a><\/li>\n\n\n\n<li><a>...<\/a><\/li>\n\n\n\n<li><a href='?page_no=36999'>36999<\/a><\/li>\n\n\n\n<li><a href='?page_no=37000'>37000<\/a><\/li>\n\n    \n\t\n\n<li >\n\t<a href='?page_no=14257'>Next<\/a>\n\t<\/li>\n\n\n    \n\n<li><a href='?page_no=37000'>Last &rsaquo;&rsaquo;<\/a><\/li>\n\n<\/ul>\n\n\n--><br \/>\n<\/body><\/p>\n","protected":false},"excerpt":{"rendered":"<p>Santo Domingo RD 26 octubre.- El Presidente de la Comisi\u00f3n de Seguridad Social del Senado, licenciado Jos\u00e9 Mar\u00eda Sosa afirm\u00f3 que a pesar de los esfuerzos hecho por la Comisi\u00f3n Bicameral, que estudia el controversial proyecto de presupuesto, no hay condiciones para modificar la pieza, por lo que ser\u00e1 necesario aprobarla como fue enviada por [&hellip;]<\/p>\n","protected":false},"author":3,"featured_media":0,"comment_status":"open","ping_status":"open","sticky":false,"template":"","format":"standard","meta":{"footnotes":""},"categories":[22],"tags":[],"class_list":["post-161785","post","type-post","status-publish","format-standard","hentry","category-politica"],"_links":{"self":[{"href":"https:\/\/diariodominicano.com\/index.php?rest_route=\/wp\/v2\/posts\/161785","targetHints":{"allow":["GET"]}}],"collection":[{"href":"https:\/\/diariodominicano.com\/index.php?rest_route=\/wp\/v2\/posts"}],"about":[{"href":"https:\/\/diariodominicano.com\/index.php?rest_route=\/wp\/v2\/types\/post"}],"author":[{"embeddable":true,"href":"https:\/\/diariodominicano.com\/index.php?rest_route=\/wp\/v2\/users\/3"}],"replies":[{"embeddable":true,"href":"https:\/\/diariodominicano.com\/index.php?rest_route=%2Fwp%2Fv2%2Fcomments&post=161785"}],"version-history":[{"count":0,"href":"https:\/\/diariodominicano.com\/index.php?rest_route=\/wp\/v2\/posts\/161785\/revisions"}],"wp:attachment":[{"href":"https:\/\/diariodominicano.com\/index.php?rest_route=%2Fwp%2Fv2%2Fmedia&parent=161785"}],"wp:term":[{"taxonomy":"category","embeddable":true,"href":"https:\/\/diariodominicano.com\/index.php?rest_route=%2Fwp%2Fv2%2Fcategories&post=161785"},{"taxonomy":"post_tag","embeddable":true,"href":"https:\/\/diariodominicano.com\/index.php?rest_route=%2Fwp%2Fv2%2Ftags&post=161785"}],"curies":[{"name":"wp","href":"https:\/\/api.w.org\/{rel}","templated":true}]}}