{"id":161783,"date":"2014-10-26T16:36:15","date_gmt":"2014-10-26T16:36:15","guid":{"rendered":"http:\/\/diariodominicano.ddns.net\/?p=161783"},"modified":"2014-10-26T16:36:15","modified_gmt":"2014-10-26T16:36:15","slug":"cesar-cedeno-afirma-equipo-hm16-apoya-planteamientos-de-milagros-ortiz-bosch","status":"publish","type":"post","link":"https:\/\/diariodominicano.com\/?p=161783","title":{"rendered":"C\u00e9sar Cede\u00f1o afirma Equipo HM16 apoya planteamientos de Milagros Ortiz Bosch&#13;"},"content":{"rendered":"<p><body><\/p>\n<p><img decoding=\"async\" src=\"img3\/cesar 26.jpg\" \/>  <\/p>\n<p>Santo Domingo RD 26 octubre.- El Coordinador del Equipo Pol\u00edtico de Hip\u00f3lito Mej\u00eda dijo que acogen y apoyan los planteamientos de Milagros Ortiz Bosch en el sentido de que los l\u00edderes del Partido Revolucionario Moderno (PRM) deben desarrollar la construcci\u00f3n de una organizaci\u00f3n pol\u00edtica s\u00f3lida para luego decidir la candidatura presidencial y un frente pol\u00edtico que unifique a la oposici\u00f3n.<\/p>\n<\/p>\n<p>C\u00e9sar Cede\u00f1o entiende, como Miagros Ortiz Bosch que las autoridades del PRM deben jugar su papel sin identificarse con ninguno de los candidatos e insiste en que la tarea inmediata es seguir con el proceso de organizaci\u00f3n y escogencia de los organismos de direcci\u00f3n, el registro de militantes y elaborar los estatutos.<\/p>\n<\/p>\n<p>\u00abDebemos culminar la organizaci\u00f3n interna en lo concerniente a la integraci\u00f3n de los dirigentes que conformaran la  Comisi\u00f3n Ejecutiva, la Comisi\u00f3n Pol\u00edtica y el Comit\u00e9 Ejecutivo Nacional, trabajos que pr\u00e1cticamente est\u00e1n terminados\u00bb dijo.<\/p>\n<\/p>\n<p>Cede\u00f1o agreg\u00f3  a seguidas que \u00abluego se debe proceder a realizar la juramentaci\u00f3n de estos organismos en un acto p\u00fablico masivo para presentarlo a la sociedad dominicana y as\u00ed darle forma oficial, institucional y org\u00e1nica al PRM\u00bb.<\/p>\n<\/p>\n<p>Es a partir de ese momento cuando el PRM podr\u00e1 reunir sus organismos y tomar las principales acciones para organizar su militancia y simpatizantes en todo el pa\u00eds y el exterior y emprender la labor de oposici\u00f3n que le reclama la sociedad.<\/p>\n<\/p>\n<p>Cede\u00f1o exhort\u00f3 a los dem\u00e1s l\u00edderes y dirigentes del PRM a que acojan y apoyen los planteamientos de la doctora, Ortiz Bosch por considerar que es el camino correcto por el que todos debemos marchar en este momento para lograr el \u00e9xito del PRM de derrotar al PLD y lograr el cambio que demanda la sociedad dominicana.<\/p>\n<h6> 2014-10-26 16:36:15 <\/h6>\n<p><!--\n<link rel=\"stylesheet\" href=\"css\/bootstrap.min.css\">\n\n\n<ul class=\"pagination\">\n\t    \n\t\n\n<li >\n\t<a href='?page_no=14253'>Previous<\/a>\n\t<\/li>\n\n\n       \n    \n\n<li><a href='?page_no=1'>1<\/a><\/li>\n\n\n\n<li><a href='?page_no=2'>2<\/a><\/li>\n\n\n\n<li><a>...<\/a><\/li>\n\n\n\n<li><a href='?page_no=14252'>14252<\/a><\/li>\n\n\n\n<li><a href='?page_no=14253'>14253<\/a><\/li>\n\n\n\n<li class='active'><a>14254<\/a><\/li>\n\n\n\n<li><a href='?page_no=14255'>14255<\/a><\/li>\n\n\n\n<li><a href='?page_no=14256'>14256<\/a><\/li>\n\n\n\n<li><a>...<\/a><\/li>\n\n\n\n<li><a href='?page_no=36999'>36999<\/a><\/li>\n\n\n\n<li><a href='?page_no=37000'>37000<\/a><\/li>\n\n    \n\t\n\n<li >\n\t<a href='?page_no=14255'>Next<\/a>\n\t<\/li>\n\n\n    \n\n<li><a href='?page_no=37000'>Last &rsaquo;&rsaquo;<\/a><\/li>\n\n<\/ul>\n\n\n--><br \/>\n<\/body><\/p>\n","protected":false},"excerpt":{"rendered":"<p>Santo Domingo RD 26 octubre.- El Coordinador del Equipo Pol\u00edtico de Hip\u00f3lito Mej\u00eda dijo que acogen y apoyan los planteamientos de Milagros Ortiz Bosch en el sentido de que los l\u00edderes del Partido Revolucionario Moderno (PRM) deben desarrollar la construcci\u00f3n de una organizaci\u00f3n pol\u00edtica s\u00f3lida para luego decidir la candidatura presidencial y un frente pol\u00edtico [&hellip;]<\/p>\n","protected":false},"author":3,"featured_media":0,"comment_status":"open","ping_status":"open","sticky":false,"template":"","format":"standard","meta":{"footnotes":""},"categories":[22],"tags":[],"class_list":["post-161783","post","type-post","status-publish","format-standard","hentry","category-politica"],"_links":{"self":[{"href":"https:\/\/diariodominicano.com\/index.php?rest_route=\/wp\/v2\/posts\/161783","targetHints":{"allow":["GET"]}}],"collection":[{"href":"https:\/\/diariodominicano.com\/index.php?rest_route=\/wp\/v2\/posts"}],"about":[{"href":"https:\/\/diariodominicano.com\/index.php?rest_route=\/wp\/v2\/types\/post"}],"author":[{"embeddable":true,"href":"https:\/\/diariodominicano.com\/index.php?rest_route=\/wp\/v2\/users\/3"}],"replies":[{"embeddable":true,"href":"https:\/\/diariodominicano.com\/index.php?rest_route=%2Fwp%2Fv2%2Fcomments&post=161783"}],"version-history":[{"count":0,"href":"https:\/\/diariodominicano.com\/index.php?rest_route=\/wp\/v2\/posts\/161783\/revisions"}],"wp:attachment":[{"href":"https:\/\/diariodominicano.com\/index.php?rest_route=%2Fwp%2Fv2%2Fmedia&parent=161783"}],"wp:term":[{"taxonomy":"category","embeddable":true,"href":"https:\/\/diariodominicano.com\/index.php?rest_route=%2Fwp%2Fv2%2Fcategories&post=161783"},{"taxonomy":"post_tag","embeddable":true,"href":"https:\/\/diariodominicano.com\/index.php?rest_route=%2Fwp%2Fv2%2Ftags&post=161783"}],"curies":[{"name":"wp","href":"https:\/\/api.w.org\/{rel}","templated":true}]}}