{"id":161781,"date":"2014-10-26T18:34:49","date_gmt":"2014-10-26T18:34:49","guid":{"rendered":"http:\/\/diariodominicano.ddns.net\/?p=161781"},"modified":"2014-10-26T18:34:49","modified_gmt":"2014-10-26T18:34:49","slug":"pld-expresa-pesar-fallecimiento-de-carlos-morales-troncoso","status":"publish","type":"post","link":"https:\/\/diariodominicano.com\/?p=161781","title":{"rendered":"PLD expresa pesar fallecimiento de  Carlos Morales Troncoso"},"content":{"rendered":"<p><body><\/p>\n<p><span class=\"text1noticias\">Santo Domingo, RD, 26 de Octubre.-El Partido de la Liberaci\u00f3n Dominicana (PLD) y el gobierno lamentaron el deceso de Carlos Morales Troncoso, exvicepresidente de la Republica, acaecido este s\u00e1bado, destacando el dolor que embarga a la familia dominicana y a la pol\u00edtica en particular.  <\/span><\/p>\n<p><span class=\"text1noticias\"> <\/span><\/p>\n<p><span class=\"text1noticias\">El presidente Danilo Medina expres\u00f3 su pesar por el fallecimiento del exvicepresidente y cancilller, a quien defini\u00f3 como un apreciado e inolvidable amigo y un hombre con gran esp\u00edritu de servicio.<\/span><\/p>\n<\/p>\n<p><span class=\"text1noticias\">El expresidente Leonel Fern\u00e1ndez tambi\u00e9n expres\u00f3 sus condolencias por la muerte de Morales Troncoso, y dijo que lo ha entristecido profundamente. \u00abDon Carlos fue un gran amigo personal que nos apoy\u00f3 en muchas jornadas de lucha en favor del pueblo dominicano\u00bb.<\/span><\/p>\n<\/p>\n<p><span class=\"text1noticias\">En su cuenta de Twitter, Fern\u00e1ndez expres\u00f3 que Morales Troncoso fue un exitoso empresario, \u00abun patriota que siempre defendi\u00f3 en el \u00e1mbito internacional y nacional los mejores valores de Rep\u00fablica Dominicana\u00bb.<\/span><\/p>\n<\/p>\n<p><span class=\"text1noticias\">Reinaldo Pared P\u00e9rez, secretario general del Partido de la Liberaci\u00f3n Dominicana (PLD) manifest\u00f3 su pesar por el fallecimiento del ex canciller y ex vicepresidente de la Republica, Carlos Morales Troncoso.<\/span><\/p>\n<p><span class=\"text1noticias\"> <\/span><\/p>\n<p><span class=\"text1noticias\">Al inform\u00e1rsele de la noticia hizo un alto en una actividad politica que presid\u00eda para informar de la infausta noticia y lamentar el deceso del ex presidente del Partido Reformista Social Cristiano.<\/span><\/p>\n<p><span class=\"text1noticias\"> <\/span><\/p>\n<p><span class=\"text1noticias\">\u00abEn el PLD lamentamos la muerte de Don Carlos Morales, quien fue un buen amigo y aliado nuestro. \u00a1Paz a su alma!\u00bb escribi\u00f3 temprano en su cuenta de la red social Twitter.<\/span><\/p>\n<p><span class=\"text1noticias\"> <\/span><\/p>\n<p><span class=\"text1noticias\">La vicepresidenta Margarita Cede\u00f1o de Fernandez tambien expres\u00f3 su pesar escribiendo  en Twitter \u00abnuestro pa\u00eds pierde hoy un emprendedor visionario, un dominicano fiel a sus principios, un gran gerente, una roca firme de nuestra democracia\u00bb. Igualmente agreg\u00f3 que Morales Troncoso era \u00abun ser humano ejemplar, un padre abnegado, un servidor p\u00fablico comprometido con su pa\u00eds\u00bb.<\/span><\/p>\n<p><span class=\"text1noticias\"> <\/span><\/p>\n<p><span class=\"text1noticias\">La presidente del Senado, Cristina Lizardo M\u00e9zquita, integrante del Comit\u00e9 Politico del PLD,  lament\u00f3 tambi\u00e9n  la muerte del ingeniero Carlos Morales Troncoso, a quien defini\u00f3 como un ser humano ejemplar y  con \u00e9l pierde el Estado dominicano a uno de sus grandes hijos.<\/span><\/p>\n<p><span class=\"text1noticias\"> <\/span><\/p>\n<p><span class=\"text1noticias\">\u00abNuestro m\u00e1s sentido p\u00e9same la familia de don Carlos Morales Troncoso por su lamentable fallecimiento. EPD\u00bb., reaccion\u00f3 Jose Tom\u00e1s Perez, miembro del Comit\u00e9 Politico.<\/span><\/p>\n<p><span class=\"text1noticias\"> <\/span><\/p>\n<p><span class=\"text1noticias\">\u00abExpreso mis condolencias a los familiares de Carlos Morales Troncoso por su fallecimiento. Descanso eterno para su alma\u00bb. Se expres\u00f3 Temistocles Mont\u00e1s del Comit\u00e9 Politico del PLD.<\/span><\/p>\n<p><span class=\"text1noticias\"> <\/span><\/p>\n<p><span class=\"text1noticias\">\u00abCon la partida del ingeniero Carlos Morales Troncoso, el pa\u00eds pierde a uno de sus m\u00e1s laboriosos y entregados servidores\u00bb editorializ\u00f3 este domingo Vanguardia del Pueblo Digital, \u00f3rgano escrito del PLD, lamentando el deceso del ex canciller, quien cultiv\u00f3 desde la presidencia del PRSC una alianza electoral con el partido morado, que mantuvo hasta su ultimo suspiro.<\/span><\/p>\n<p><span class=\"text1noticias\"> <\/span><\/p>\n<p><span class=\"text1noticias\">Otros tantos dirigentes del PLD se han comunicado con sus familiares manifestando su pesar por el fallecimiento de Morales Troncoso y averiguado por la fecha de sus funerales.(HG)<\/span>.<\/p>\n<h6> 2014-10-26 18:34:49 <\/h6>\n<p><!--\n<link rel=\"stylesheet\" href=\"css\/bootstrap.min.css\">\n\n\n<ul class=\"pagination\">\n\t    \n\t\n\n<li >\n\t<a href='?page_no=14251'>Previous<\/a>\n\t<\/li>\n\n\n       \n    \n\n<li><a href='?page_no=1'>1<\/a><\/li>\n\n\n\n<li><a href='?page_no=2'>2<\/a><\/li>\n\n\n\n<li><a>...<\/a><\/li>\n\n\n\n<li><a href='?page_no=14250'>14250<\/a><\/li>\n\n\n\n<li><a href='?page_no=14251'>14251<\/a><\/li>\n\n\n\n<li class='active'><a>14252<\/a><\/li>\n\n\n\n<li><a href='?page_no=14253'>14253<\/a><\/li>\n\n\n\n<li><a href='?page_no=14254'>14254<\/a><\/li>\n\n\n\n<li><a>...<\/a><\/li>\n\n\n\n<li><a href='?page_no=36999'>36999<\/a><\/li>\n\n\n\n<li><a href='?page_no=37000'>37000<\/a><\/li>\n\n    \n\t\n\n<li >\n\t<a href='?page_no=14253'>Next<\/a>\n\t<\/li>\n\n\n    \n\n<li><a href='?page_no=37000'>Last &rsaquo;&rsaquo;<\/a><\/li>\n\n<\/ul>\n\n\n--><br \/>\n<\/body><\/p>\n","protected":false},"excerpt":{"rendered":"<p>Santo Domingo, RD, 26 de Octubre.-El Partido de la Liberaci\u00f3n Dominicana (PLD) y el gobierno lamentaron el deceso de Carlos Morales Troncoso, exvicepresidente de la Republica, acaecido este s\u00e1bado, destacando el dolor que embarga a la familia dominicana y a la pol\u00edtica en particular. El presidente Danilo Medina expres\u00f3 su pesar por el fallecimiento del [&hellip;]<\/p>\n","protected":false},"author":3,"featured_media":0,"comment_status":"open","ping_status":"open","sticky":false,"template":"","format":"standard","meta":{"footnotes":""},"categories":[22],"tags":[],"class_list":["post-161781","post","type-post","status-publish","format-standard","hentry","category-politica"],"_links":{"self":[{"href":"https:\/\/diariodominicano.com\/index.php?rest_route=\/wp\/v2\/posts\/161781","targetHints":{"allow":["GET"]}}],"collection":[{"href":"https:\/\/diariodominicano.com\/index.php?rest_route=\/wp\/v2\/posts"}],"about":[{"href":"https:\/\/diariodominicano.com\/index.php?rest_route=\/wp\/v2\/types\/post"}],"author":[{"embeddable":true,"href":"https:\/\/diariodominicano.com\/index.php?rest_route=\/wp\/v2\/users\/3"}],"replies":[{"embeddable":true,"href":"https:\/\/diariodominicano.com\/index.php?rest_route=%2Fwp%2Fv2%2Fcomments&post=161781"}],"version-history":[{"count":0,"href":"https:\/\/diariodominicano.com\/index.php?rest_route=\/wp\/v2\/posts\/161781\/revisions"}],"wp:attachment":[{"href":"https:\/\/diariodominicano.com\/index.php?rest_route=%2Fwp%2Fv2%2Fmedia&parent=161781"}],"wp:term":[{"taxonomy":"category","embeddable":true,"href":"https:\/\/diariodominicano.com\/index.php?rest_route=%2Fwp%2Fv2%2Fcategories&post=161781"},{"taxonomy":"post_tag","embeddable":true,"href":"https:\/\/diariodominicano.com\/index.php?rest_route=%2Fwp%2Fv2%2Ftags&post=161781"}],"curies":[{"name":"wp","href":"https:\/\/api.w.org\/{rel}","templated":true}]}}