{"id":161780,"date":"2014-10-26T18:36:42","date_gmt":"2014-10-26T18:36:42","guid":{"rendered":"http:\/\/diariodominicano.ddns.net\/?p=161780"},"modified":"2014-10-26T18:36:42","modified_gmt":"2014-10-26T18:36:42","slug":"eduardo-frei-ruiz-lamenta-fallecimiento-de-carlos-morales","status":"publish","type":"post","link":"https:\/\/diariodominicano.com\/?p=161780","title":{"rendered":"Eduardo Frei Ruiz lamenta fallecimiento de Carlos Morales"},"content":{"rendered":"<p><body><\/p>\n<p><span class=\"text1noticias\">Santo Domingo, RD, 26 de Octubre.-El expresidente de Chile, Eduardo Frei Ruiz lament\u00f3 este domingo el fallecimiento del ex Vicepresidente de la Rep\u00fablica y ex Canciller, Carlos Morales Troncoso, de quien dijo desempe\u00f1\u00f3 un rol fundamental durante muchos a\u00f1os en la construcci\u00f3n de su pa\u00eds.<\/span><\/p>\n<p><span class=\"text1noticias\"> <\/span><\/p>\n<p><span class=\"text1noticias\">\u00abMuchos de los avances de Republica Dominicana se deben a su capacidad para desarrollar una s\u00f3lida base pol\u00edtica fundamental para el \u00e9xito econ\u00f3mico y social de su pa\u00eds\u00bb, dijo.<\/span><\/p>\n<p><span class=\"text1noticias\"> <\/span><\/p>\n<p><span class=\"text1noticias\">El exgobernante chileno en el per\u00edodo 1994-2000 defini\u00f3 al expresidente del PRSC como \u00abun latinoamericano de excepci\u00f3n\u00bb.<\/span><\/p>\n<p><span class=\"text1noticias\"> <\/span><\/p>\n<p><span class=\"text1noticias\">Frei Ruiz dijo que ten\u00eda una gran amistad desde los a\u00f1os 90 con Morales Troncoso y que hace pocos tuvo la oportunidad de conversar con \u00e9l en su casa de La Romana y constatar que se estaba recuperando de su enfermedad.<\/span><\/p>\n<p><span class=\"text1noticias\"> <\/span><\/p>\n<p><span class=\"text1noticias\">\u00abNos deja un gran hombre p\u00fablico, quien desempe\u00f1\u00f3 un rol fundamental durante muchos a\u00f1os en la construcci\u00f3n de su pa\u00eds\u00bb, agreg\u00f3.<\/span><\/p>\n<p><span class=\"text1noticias\"> <\/span><\/p>\n<p><span class=\"text1noticias\">Eduardo Frei expres\u00f3 sus condolencias para toda la dirigencia del Partido Reformista Social Cristiano, \u00abque pierden al m\u00e1s grande de sus militantes\u00bb.<\/span><\/p>\n<p><span class=\"text1noticias\"> <\/span><\/p>\n<p><span class=\"text1noticias\">\u00abA sus hijas, yernos y nietos, nuestro cari\u00f1o y aprecio en este dif\u00edcil momento que est\u00e1n viviendo. A Nicole,y a trav\u00e9s de ella a toda su familia le hemos expresado nuestro inmenso pesar\u00bb, agreg\u00f3 Frei en un comunicado de prensa.(HG)<\/span>.<\/p>\n<\/p>\n<h6> 2014-10-26 18:36:42 <\/h6>\n<p><!--\n<link rel=\"stylesheet\" href=\"css\/bootstrap.min.css\">\n\n\n<ul class=\"pagination\">\n\t    \n\t\n\n<li >\n\t<a href='?page_no=14250'>Previous<\/a>\n\t<\/li>\n\n\n       \n    \n\n<li><a href='?page_no=1'>1<\/a><\/li>\n\n\n\n<li><a href='?page_no=2'>2<\/a><\/li>\n\n\n\n<li><a>...<\/a><\/li>\n\n\n\n<li><a href='?page_no=14249'>14249<\/a><\/li>\n\n\n\n<li><a href='?page_no=14250'>14250<\/a><\/li>\n\n\n\n<li class='active'><a>14251<\/a><\/li>\n\n\n\n<li><a href='?page_no=14252'>14252<\/a><\/li>\n\n\n\n<li><a href='?page_no=14253'>14253<\/a><\/li>\n\n\n\n<li><a>...<\/a><\/li>\n\n\n\n<li><a href='?page_no=36999'>36999<\/a><\/li>\n\n\n\n<li><a href='?page_no=37000'>37000<\/a><\/li>\n\n    \n\t\n\n<li >\n\t<a href='?page_no=14252'>Next<\/a>\n\t<\/li>\n\n\n    \n\n<li><a href='?page_no=37000'>Last &rsaquo;&rsaquo;<\/a><\/li>\n\n<\/ul>\n\n\n--><br \/>\n<\/body><\/p>\n","protected":false},"excerpt":{"rendered":"<p>Santo Domingo, RD, 26 de Octubre.-El expresidente de Chile, Eduardo Frei Ruiz lament\u00f3 este domingo el fallecimiento del ex Vicepresidente de la Rep\u00fablica y ex Canciller, Carlos Morales Troncoso, de quien dijo desempe\u00f1\u00f3 un rol fundamental durante muchos a\u00f1os en la construcci\u00f3n de su pa\u00eds. \u00abMuchos de los avances de Republica Dominicana se deben a [&hellip;]<\/p>\n","protected":false},"author":3,"featured_media":0,"comment_status":"open","ping_status":"open","sticky":false,"template":"","format":"standard","meta":{"footnotes":""},"categories":[22],"tags":[],"class_list":["post-161780","post","type-post","status-publish","format-standard","hentry","category-politica"],"_links":{"self":[{"href":"https:\/\/diariodominicano.com\/index.php?rest_route=\/wp\/v2\/posts\/161780","targetHints":{"allow":["GET"]}}],"collection":[{"href":"https:\/\/diariodominicano.com\/index.php?rest_route=\/wp\/v2\/posts"}],"about":[{"href":"https:\/\/diariodominicano.com\/index.php?rest_route=\/wp\/v2\/types\/post"}],"author":[{"embeddable":true,"href":"https:\/\/diariodominicano.com\/index.php?rest_route=\/wp\/v2\/users\/3"}],"replies":[{"embeddable":true,"href":"https:\/\/diariodominicano.com\/index.php?rest_route=%2Fwp%2Fv2%2Fcomments&post=161780"}],"version-history":[{"count":0,"href":"https:\/\/diariodominicano.com\/index.php?rest_route=\/wp\/v2\/posts\/161780\/revisions"}],"wp:attachment":[{"href":"https:\/\/diariodominicano.com\/index.php?rest_route=%2Fwp%2Fv2%2Fmedia&parent=161780"}],"wp:term":[{"taxonomy":"category","embeddable":true,"href":"https:\/\/diariodominicano.com\/index.php?rest_route=%2Fwp%2Fv2%2Fcategories&post=161780"},{"taxonomy":"post_tag","embeddable":true,"href":"https:\/\/diariodominicano.com\/index.php?rest_route=%2Fwp%2Fv2%2Ftags&post=161780"}],"curies":[{"name":"wp","href":"https:\/\/api.w.org\/{rel}","templated":true}]}}