{"id":161779,"date":"2014-10-27T12:22:39","date_gmt":"2014-10-27T12:22:39","guid":{"rendered":"http:\/\/diariodominicano.ddns.net\/?p=161779"},"modified":"2014-10-27T12:22:39","modified_gmt":"2014-10-27T12:22:39","slug":"foro-renovador-felicita-a-dilma-rousseff-por-triunfo","status":"publish","type":"post","link":"https:\/\/diariodominicano.com\/?p=161779","title":{"rendered":"Foro Renovador felicita a Dilma Rousseff por  triunfo"},"content":{"rendered":"<p><body><\/p>\n<p>Santo Domingo RD 27 octubre.- El coordinador general del movimiento pol\u00edtico Foro Renovador, Fausto Herrera Catalino, felicit\u00f3 a la Presidenta Dilma Rousseff por su triunfo en las elecciones del Brasil tras obtener un 51 por ciento de los votos.<\/p>\n<\/p>\n<p>El pueblo brasile\u00f1o refrend\u00f3 las pol\u00edticas sociales progresistas del Partido de los Trabajadores (PT) que les han llevado justicia social y avances significativos en la reducci\u00f3n de pobreza en ese pa\u00eds.<\/p>\n<\/p>\n<p>Herrera Catalino expres\u00f3 \u00abla generosidad y humildad que la Presidenta Rousseff acaba de mostrar con su llamado &#8216;a la uni\u00f3n, a la apertura y al di\u00e1logo&#8217; a todo el pueblo brasile\u00f1o, una vez alcanz\u00f3 el triunfo, lo que demuestra, entre otras, porqu\u00e9 \u00e9sta sali\u00f3 victoriosa\u00bb.<\/p>\n<p>Congratul\u00f3 tambi\u00e9n la intensidad del apoyo del l\u00edder del PT, el expresidente Luiz In\u00e1cio Lula da Silva, pieza clave para que Dilma pudiera reelegirse.<\/p>\n<\/p>\n<p>En la segunda vuelta de las elecciones brasile\u00f1as, la presidenta Dilma Rousseff conquist\u00f3 un 51,6% de los votos, frente a un 48,3% que alcanz\u00f3 su rival  A\u00e9cio Neves, del opositor Partido de la Social Democracia Brasile\u00f1a (PSDB).<\/p>\n<\/p>\n<p>Para consolidar la centroizquierda en Am\u00e9rica Latina, el dirigente del movimiento pol\u00edtico dominicano augur\u00f3 tambi\u00e9n el triunfo en segunda vuelta de Tabar\u00e9 V\u00e1zquez, en las elecciones de Uruguay el pr\u00f3ximo 30 de noviembre.<\/p>\n<\/p>\n<p>Herrera Catalino se mostr\u00f3 esperanzado con el electorado dominicano, del que espera tambi\u00e9n d\u00e9 paso a pol\u00edticas progresistas apoyando la propuesta de cambio pol\u00edtico que enarbola la Convergencia por un Mejor Pa\u00eds para derrocar al oficialista Partido de la Liberaci\u00f3n Dominicana en las elecciones del 2016.<\/p>\n<\/p>\n<p>Finalmente, dijo que el Foro Renovador Pe\u00f1agomista est\u00e1 plenamente comprometido con una Am\u00e9rica Latina como la so\u00f1\u00f3 Sim\u00f3n Bol\u00edvar, Jos\u00e9 Mart\u00ed y nuestro Padre de la Patria, Juan Pablo Duarte, con soberan\u00eda y autodeterminaci\u00f3n.<\/p>\n<p>Noticia Relacionada<\/p>\n<h6> 2014-10-27 12:22:39 <\/h6>\n<p><!--\n<link rel=\"stylesheet\" href=\"css\/bootstrap.min.css\">\n\n\n<ul class=\"pagination\">\n\t    \n\t\n\n<li >\n\t<a href='?page_no=14249'>Previous<\/a>\n\t<\/li>\n\n\n       \n    \n\n<li><a href='?page_no=1'>1<\/a><\/li>\n\n\n\n<li><a href='?page_no=2'>2<\/a><\/li>\n\n\n\n<li><a>...<\/a><\/li>\n\n\n\n<li><a href='?page_no=14248'>14248<\/a><\/li>\n\n\n\n<li><a href='?page_no=14249'>14249<\/a><\/li>\n\n\n\n<li class='active'><a>14250<\/a><\/li>\n\n\n\n<li><a href='?page_no=14251'>14251<\/a><\/li>\n\n\n\n<li><a href='?page_no=14252'>14252<\/a><\/li>\n\n\n\n<li><a>...<\/a><\/li>\n\n\n\n<li><a href='?page_no=36999'>36999<\/a><\/li>\n\n\n\n<li><a href='?page_no=37000'>37000<\/a><\/li>\n\n    \n\t\n\n<li >\n\t<a href='?page_no=14251'>Next<\/a>\n\t<\/li>\n\n\n    \n\n<li><a href='?page_no=37000'>Last &rsaquo;&rsaquo;<\/a><\/li>\n\n<\/ul>\n\n\n--><br \/>\n<\/body><\/p>\n","protected":false},"excerpt":{"rendered":"<p>Santo Domingo RD 27 octubre.- El coordinador general del movimiento pol\u00edtico Foro Renovador, Fausto Herrera Catalino, felicit\u00f3 a la Presidenta Dilma Rousseff por su triunfo en las elecciones del Brasil tras obtener un 51 por ciento de los votos. El pueblo brasile\u00f1o refrend\u00f3 las pol\u00edticas sociales progresistas del Partido de los Trabajadores (PT) que les [&hellip;]<\/p>\n","protected":false},"author":3,"featured_media":0,"comment_status":"open","ping_status":"open","sticky":false,"template":"","format":"standard","meta":{"footnotes":""},"categories":[22],"tags":[],"class_list":["post-161779","post","type-post","status-publish","format-standard","hentry","category-politica"],"_links":{"self":[{"href":"https:\/\/diariodominicano.com\/index.php?rest_route=\/wp\/v2\/posts\/161779","targetHints":{"allow":["GET"]}}],"collection":[{"href":"https:\/\/diariodominicano.com\/index.php?rest_route=\/wp\/v2\/posts"}],"about":[{"href":"https:\/\/diariodominicano.com\/index.php?rest_route=\/wp\/v2\/types\/post"}],"author":[{"embeddable":true,"href":"https:\/\/diariodominicano.com\/index.php?rest_route=\/wp\/v2\/users\/3"}],"replies":[{"embeddable":true,"href":"https:\/\/diariodominicano.com\/index.php?rest_route=%2Fwp%2Fv2%2Fcomments&post=161779"}],"version-history":[{"count":0,"href":"https:\/\/diariodominicano.com\/index.php?rest_route=\/wp\/v2\/posts\/161779\/revisions"}],"wp:attachment":[{"href":"https:\/\/diariodominicano.com\/index.php?rest_route=%2Fwp%2Fv2%2Fmedia&parent=161779"}],"wp:term":[{"taxonomy":"category","embeddable":true,"href":"https:\/\/diariodominicano.com\/index.php?rest_route=%2Fwp%2Fv2%2Fcategories&post=161779"},{"taxonomy":"post_tag","embeddable":true,"href":"https:\/\/diariodominicano.com\/index.php?rest_route=%2Fwp%2Fv2%2Ftags&post=161779"}],"curies":[{"name":"wp","href":"https:\/\/api.w.org\/{rel}","templated":true}]}}