{"id":161776,"date":"2014-10-27T16:46:29","date_gmt":"2014-10-27T16:46:29","guid":{"rendered":"http:\/\/diariodominicano.ddns.net\/?p=161776"},"modified":"2014-10-27T16:46:29","modified_gmt":"2014-10-27T16:46:29","slug":"dirigentes-del-pld-solicitan-intervencion-de-su-direccion-politica-para-superar-indisciplina","status":"publish","type":"post","link":"https:\/\/diariodominicano.com\/?p=161776","title":{"rendered":"Dirigentes del PLD solicitan intervenci\u00f3n de su direcci\u00f3n pol\u00edtica para superar indisciplina"},"content":{"rendered":"<p><body><\/p>\n<p><img decoding=\"async\" src=\"img3\/pachu 2.jpg\" \/><br \/><img decoding=\"async\" src=\"img3\/pachu 3.jpg\" \/>  <\/p>\n<p>Santo Domingo RD 27 octubre.- Tres dirigentes del Partido de la Liberaci\u00f3n Dominicana reclaman la intervenci\u00f3n de la direcci\u00f3n pol\u00edtica para superar las contradicciones p\u00fablicas de algunos de sus dirigentes y resolver algunos actos  de indisciplina que se observan<\/p>\n<\/p>\n<p>En declaraciones por separado a la Secretar\u00eda de Comunicaciones del PLD Eliseo L\u00f3pez, Presidente provincial en Valverde, Jos\u00e9 Ram\u00f3n Mord\u00e1n, Presidente del PLD en San Jos\u00e9 Ocoa y Sa\u00fal Santana, miembro del Comit\u00e9 Central, consideran necesario una intervenci\u00f3n para evitar que el Partido pierda credibilidad en la sociedad, que es lo que ha colocado en los primeros lugares en la aceptaci\u00f3n popular<\/p>\n<\/p>\n<p>Eliseo L\u00f3pez, Presidente del PLD considera que el Comit\u00e9 Pol\u00edtico, como organismo de direcci\u00f3n, con el prestigio y la credibilidad de sus integrantes,  debe  tomar una serie de medidas que ponga fin a resolver las contradicciones p\u00fablicas entre dirigentes y evitar que dichas contrariedades tomen cuerpo.<\/p>\n<\/p>\n<p>L\u00f3pez, no cree que las confrontaciones locales entre dirigentes pudiera crear una divisi\u00f3n interna en el PLD, pero si afectarle en su credibilidad.<\/p>\n<\/p>\n<p>\u00abNo es f\u00e1cil dividir al PLD, por lo que descarto su divisi\u00f3n, pero si puede afectar la credibilidad que goza el Partido de la Liberaci\u00f3n Dominicana  en la sociedad\u00bb respondi\u00f3.<\/p>\n<\/p>\n<p>Precisa que la fortaleza peledeista y mantener la condici\u00f3n de principal fuerza pol\u00edtica y electoral se debe a la credibilidad de la organizaci\u00f3n y de su dirigencia.<\/p>\n<\/p>\n<p>De su lado Jos\u00e9 Ram\u00f3n Mord\u00e1n, entrevistado en la Casa Nacional del PLD,  sugiere a la direcci\u00f3n pol\u00edtica del PLD prestar atenci\u00f3n a los casos de las contradicciones entre dirigentes, ventiladas en p\u00fablico, que afecta la disciplina que ha caracterizado al Partido de la Liberaci\u00f3n Dominicana desde su fundaci\u00f3n.<\/p>\n<\/p>\n<p>\u00abLa disciplina y hasta honestidad del Partido se ve cuestionada\u00bb sostiene el Presidente del PLD en San Jos\u00e9 Ocoa, reclamando la intervenci\u00f3n urgente para evitar da\u00f1os irreparables en la organizaci\u00f3n.<\/p>\n<\/p>\n<p>Explica que la no correcci\u00f3n a tiempo de problemas de indisciplina no ha llevado a confrontar problemas mayores.<\/p>\n<\/p>\n<p>Sa\u00fal Santana, miembro del Comit\u00e9 Central en un llamado a la prudencia, que hiciera mediante las redes sociales del PLD, aclara que inconductas que se endilguen a uno o  varios miembros del PLD, no significa que se acuse al colectivo de esa indisciplina.<\/p>\n<\/p>\n<p>\u00abDebemos ser prudentes frente a esta andanada de acusaciones que aunque est\u00e1n dirigidas  contra ciertos dirigentes aparentemente, en realidad esta dirigida contra el colectivo llamado PLD,  con el objetivo de inhabilitarlo frente al pueblo y propiciar el ascenso de otra fuerza pol\u00edtica al poder en el 2016\u00bb sostiene Santana en un escrito en las redes sociales del PLD.<\/p>\n<\/p>\n<h6> 2014-10-27 16:46:29 <\/h6>\n<p><!--\n<link rel=\"stylesheet\" href=\"css\/bootstrap.min.css\">\n\n\n<ul class=\"pagination\">\n\t    \n\t\n\n<li >\n\t<a href='?page_no=14247'>Previous<\/a>\n\t<\/li>\n\n\n       \n    \n\n<li><a href='?page_no=1'>1<\/a><\/li>\n\n\n\n<li><a href='?page_no=2'>2<\/a><\/li>\n\n\n\n<li><a>...<\/a><\/li>\n\n\n\n<li><a href='?page_no=14246'>14246<\/a><\/li>\n\n\n\n<li><a href='?page_no=14247'>14247<\/a><\/li>\n\n\n\n<li class='active'><a>14248<\/a><\/li>\n\n\n\n<li><a href='?page_no=14249'>14249<\/a><\/li>\n\n\n\n<li><a href='?page_no=14250'>14250<\/a><\/li>\n\n\n\n<li><a>...<\/a><\/li>\n\n\n\n<li><a href='?page_no=36999'>36999<\/a><\/li>\n\n\n\n<li><a href='?page_no=37000'>37000<\/a><\/li>\n\n    \n\t\n\n<li >\n\t<a href='?page_no=14249'>Next<\/a>\n\t<\/li>\n\n\n    \n\n<li><a href='?page_no=37000'>Last &rsaquo;&rsaquo;<\/a><\/li>\n\n<\/ul>\n\n\n--><br \/>\n<\/body><\/p>\n","protected":false},"excerpt":{"rendered":"<p>Santo Domingo RD 27 octubre.- Tres dirigentes del Partido de la Liberaci\u00f3n Dominicana reclaman la intervenci\u00f3n de la direcci\u00f3n pol\u00edtica para superar las contradicciones p\u00fablicas de algunos de sus dirigentes y resolver algunos actos de indisciplina que se observan En declaraciones por separado a la Secretar\u00eda de Comunicaciones del PLD Eliseo L\u00f3pez, Presidente provincial en [&hellip;]<\/p>\n","protected":false},"author":3,"featured_media":0,"comment_status":"open","ping_status":"open","sticky":false,"template":"","format":"standard","meta":{"footnotes":""},"categories":[22],"tags":[],"class_list":["post-161776","post","type-post","status-publish","format-standard","hentry","category-politica"],"_links":{"self":[{"href":"https:\/\/diariodominicano.com\/index.php?rest_route=\/wp\/v2\/posts\/161776","targetHints":{"allow":["GET"]}}],"collection":[{"href":"https:\/\/diariodominicano.com\/index.php?rest_route=\/wp\/v2\/posts"}],"about":[{"href":"https:\/\/diariodominicano.com\/index.php?rest_route=\/wp\/v2\/types\/post"}],"author":[{"embeddable":true,"href":"https:\/\/diariodominicano.com\/index.php?rest_route=\/wp\/v2\/users\/3"}],"replies":[{"embeddable":true,"href":"https:\/\/diariodominicano.com\/index.php?rest_route=%2Fwp%2Fv2%2Fcomments&post=161776"}],"version-history":[{"count":0,"href":"https:\/\/diariodominicano.com\/index.php?rest_route=\/wp\/v2\/posts\/161776\/revisions"}],"wp:attachment":[{"href":"https:\/\/diariodominicano.com\/index.php?rest_route=%2Fwp%2Fv2%2Fmedia&parent=161776"}],"wp:term":[{"taxonomy":"category","embeddable":true,"href":"https:\/\/diariodominicano.com\/index.php?rest_route=%2Fwp%2Fv2%2Fcategories&post=161776"},{"taxonomy":"post_tag","embeddable":true,"href":"https:\/\/diariodominicano.com\/index.php?rest_route=%2Fwp%2Fv2%2Ftags&post=161776"}],"curies":[{"name":"wp","href":"https:\/\/api.w.org\/{rel}","templated":true}]}}