{"id":161775,"date":"2014-10-27T16:52:06","date_gmt":"2014-10-27T16:52:06","guid":{"rendered":"http:\/\/diariodominicano.ddns.net\/?p=161775"},"modified":"2014-10-27T16:52:06","modified_gmt":"2014-10-27T16:52:06","slug":"alianza-pais-llama-a-concertacion-electoral-en-puerto-plata","status":"publish","type":"post","link":"https:\/\/diariodominicano.com\/?p=161775","title":{"rendered":"Alianza Pa\u00eds llama a concertaci\u00f3n electoral en Puerto Plata"},"content":{"rendered":"<p><body><\/p>\n<p><img decoding=\"async\" src=\"img3\/pais 27.jpg\" \/>  <\/p>\n<p>Puerto Plata RD 27 octubre.- Alianza Pa\u00eds Puerto Plata llama a todos los sectores pol\u00edticos, democr\u00e1ticos y ciudadanos a abrir un proceso de concertaci\u00f3n que permita la posibilidad de producir un cambio pol\u00edtico y de rumbo a nivel local de los actuales dirigentes municipales y congresionales.<\/p>\n<\/p>\n<p>De acuerdo con la agrupacion, el modelo de desarrollo propiciado por la gesti\u00f3n municipal de Walter Musa, ha sido insostenible, debido a su baja visi\u00f3n sobre el proyecto de ciudad, que descansa mas en un sistema de poca atenci\u00f3n a los graves problemas del municipio, al clientelismoPlantea una boleta electoral confeccionada con las fuerzas \u00abconvergentes\u00bb para desplazar a las fuerzas tradicionales que mantienen la provincia sumida en el abandono. pol\u00edtico, el irrespeto a ley, la falta de transparencia en el manejo de los recursos y a una mayor preocupaci\u00f3n por los problemas personales de grupo, que por el inter\u00e9s colectivo.<\/p>\n<\/p>\n<p>Enfatiza que la gobernanza del gobierno local se encuentra amenazada por la falta de vocaci\u00f3n pol\u00edtica del cabildo en concertar con el empresariado y la sociedad civil, alrededor de un plan de desarrollo estrat\u00e9gico para resolver los problemas de fondo de la ciudad.<\/p>\n<\/p>\n<p>Problemas tan acuciantes, agrega, como la seguridad ciudadana, el transito, la contaminaci\u00f3n s\u00f3nica del centro hist\u00f3rico, el desag\u00fce de las aguas residuales hacia la costa marina, el basurero municipal, el abandono de la planta de tratamiento, falta de saneamiento ambiental en los barrios y poca atenci\u00f3n por el mantenimiento de las infraestructuras municipales, son vivos ejemplos de la mala gesti\u00f3n municipal actual.<\/p>\n<\/p>\n<p>Alianza Pa\u00eds Puerto Plata indica que se hace necesario concertar entre las fuerzas pol\u00edticas, democr\u00e1ticas y ciudadanas de esta localidad, para producir un cambio pol\u00edtico y de rumbo del poder municipal, a trav\u00e9s de una boleta pol\u00edtica-ciudadana, consensuada, en la venidera elecciones del 2016, que permita desplazar la mala gesti\u00f3n municipal del alcalde Walter y sus concejales, desde una perspectiva democr\u00e1tica, participativa y convergente de todos aquellos sectores, que quieren un mejor desarrollo sostenible para Puerto Plata.<\/p>\n<\/p>\n<h6> 2014-10-27 16:52:06 <\/h6>\n<p><!--\n<link rel=\"stylesheet\" href=\"css\/bootstrap.min.css\">\n\n\n<ul class=\"pagination\">\n\t    \n\t\n\n<li >\n\t<a href='?page_no=14246'>Previous<\/a>\n\t<\/li>\n\n\n       \n    \n\n<li><a href='?page_no=1'>1<\/a><\/li>\n\n\n\n<li><a href='?page_no=2'>2<\/a><\/li>\n\n\n\n<li><a>...<\/a><\/li>\n\n\n\n<li><a href='?page_no=14245'>14245<\/a><\/li>\n\n\n\n<li><a href='?page_no=14246'>14246<\/a><\/li>\n\n\n\n<li class='active'><a>14247<\/a><\/li>\n\n\n\n<li><a href='?page_no=14248'>14248<\/a><\/li>\n\n\n\n<li><a href='?page_no=14249'>14249<\/a><\/li>\n\n\n\n<li><a>...<\/a><\/li>\n\n\n\n<li><a href='?page_no=36999'>36999<\/a><\/li>\n\n\n\n<li><a href='?page_no=37000'>37000<\/a><\/li>\n\n    \n\t\n\n<li >\n\t<a href='?page_no=14248'>Next<\/a>\n\t<\/li>\n\n\n    \n\n<li><a href='?page_no=37000'>Last &rsaquo;&rsaquo;<\/a><\/li>\n\n<\/ul>\n\n\n--><br \/>\n<\/body><\/p>\n","protected":false},"excerpt":{"rendered":"<p>Puerto Plata RD 27 octubre.- Alianza Pa\u00eds Puerto Plata llama a todos los sectores pol\u00edticos, democr\u00e1ticos y ciudadanos a abrir un proceso de concertaci\u00f3n que permita la posibilidad de producir un cambio pol\u00edtico y de rumbo a nivel local de los actuales dirigentes municipales y congresionales. De acuerdo con la agrupacion, el modelo de desarrollo [&hellip;]<\/p>\n","protected":false},"author":3,"featured_media":0,"comment_status":"open","ping_status":"open","sticky":false,"template":"","format":"standard","meta":{"footnotes":""},"categories":[22],"tags":[],"class_list":["post-161775","post","type-post","status-publish","format-standard","hentry","category-politica"],"_links":{"self":[{"href":"https:\/\/diariodominicano.com\/index.php?rest_route=\/wp\/v2\/posts\/161775","targetHints":{"allow":["GET"]}}],"collection":[{"href":"https:\/\/diariodominicano.com\/index.php?rest_route=\/wp\/v2\/posts"}],"about":[{"href":"https:\/\/diariodominicano.com\/index.php?rest_route=\/wp\/v2\/types\/post"}],"author":[{"embeddable":true,"href":"https:\/\/diariodominicano.com\/index.php?rest_route=\/wp\/v2\/users\/3"}],"replies":[{"embeddable":true,"href":"https:\/\/diariodominicano.com\/index.php?rest_route=%2Fwp%2Fv2%2Fcomments&post=161775"}],"version-history":[{"count":0,"href":"https:\/\/diariodominicano.com\/index.php?rest_route=\/wp\/v2\/posts\/161775\/revisions"}],"wp:attachment":[{"href":"https:\/\/diariodominicano.com\/index.php?rest_route=%2Fwp%2Fv2%2Fmedia&parent=161775"}],"wp:term":[{"taxonomy":"category","embeddable":true,"href":"https:\/\/diariodominicano.com\/index.php?rest_route=%2Fwp%2Fv2%2Fcategories&post=161775"},{"taxonomy":"post_tag","embeddable":true,"href":"https:\/\/diariodominicano.com\/index.php?rest_route=%2Fwp%2Fv2%2Ftags&post=161775"}],"curies":[{"name":"wp","href":"https:\/\/api.w.org\/{rel}","templated":true}]}}