{"id":161774,"date":"2014-10-27T18:31:25","date_gmt":"2014-10-27T18:31:25","guid":{"rendered":"http:\/\/diariodominicano.ddns.net\/?p=161774"},"modified":"2014-10-27T18:31:25","modified_gmt":"2014-10-27T18:31:25","slug":"sugieren-cancilleria-se-llame-palacio-ministerial-carlos-morales-troncoso","status":"publish","type":"post","link":"https:\/\/diariodominicano.com\/?p=161774","title":{"rendered":"&#13;&#13;Sugieren Canciller\u00eda se llame  Palacio Ministerial  Carlos Morales Troncoso"},"content":{"rendered":"<p><body><\/p>\n<p><img decoding=\"async\" src=\"img3\/erick.jpg\" \/>  <\/p>\n<\/p>\n<p><span class=\"text1noticias\"> <\/span><\/p>\n<p><span class=\"text1noticias\">Santo Domingo, RD, 27 de octubre.- El dirigente reformista Erick Bernard, solicita al Presidente de la Rep\u00fablica,  Danilo Medina S\u00e1nchez, que en honor al loable  trabajo realizado por Morales Troncoso al frente del Ministerio de Relaciones Exteriores, durante doce a\u00f1os, esa sede se le coloque el nombre de Palacio Ministerial Carlos Morales Troncoso.<\/span><\/p>\n<p><span class=\"text1noticias\"> <\/span><\/p>\n<p><span class=\"text1noticias\">Bernard, quien es miembro de la Comisi\u00f3n Ejecutiva del Partido Reformista Social Cristiano, expres\u00f3 que \u00abcolocarle a la sede de la canciller\u00eda dominicana el nombre de Palacio Ministerial Carlos Morales Troncoso, es un acto de homenaje permanente y recordaci\u00f3n a los grandes logros en escenarios internacionales, para el pa\u00eds, que desde ese Ministerio alcanz\u00f3 el hoy fenecido ex canciller\u00bb<\/span><\/p>\n<p><span class=\"text1noticias\"> <\/span><\/p>\n<p><span class=\"text1noticias\">Resalt\u00f3 que don Carlos, como le llamaban sus allegados, lleg\u00f3 al Estado dominicano a servir, desde las diferentes posiciones que ocup\u00f3 tanto en los gobiernos del Dr. Joaqu\u00edn Balaguer, como en los del Partido de la Liberaci\u00f3n Dominicana, y que servir\u00e1 de ejemplo para las nuevas generaciones.<\/span><\/p>\n<p><span class=\"text1noticias\"> <\/span><\/p>\n<p><span class=\"text1noticias\">Erick Bernard, pidi\u00f3 a la familia reformista estar m\u00e1s unida que nunca, y que esa unidad sirva como tributo a la memoria del fenecido ex vicepresidente y ex canciller de la Rep\u00fablica, al mismo tiempo de enaltecer su nombre, \u00abpor el extraordinario ejemplo que nos mostr\u00f3 a todos los reformistas, don Carlos Morales Troncoso\u00bb, finaliz\u00f3 el joven dirigente.<\/span><\/p>\n<h6> 2014-10-27 18:31:25 <\/h6>\n<p><!--\n<link rel=\"stylesheet\" href=\"css\/bootstrap.min.css\">\n\n\n<ul class=\"pagination\">\n\t    \n\t\n\n<li >\n\t<a href='?page_no=14245'>Previous<\/a>\n\t<\/li>\n\n\n       \n    \n\n<li><a href='?page_no=1'>1<\/a><\/li>\n\n\n\n<li><a href='?page_no=2'>2<\/a><\/li>\n\n\n\n<li><a>...<\/a><\/li>\n\n\n\n<li><a href='?page_no=14244'>14244<\/a><\/li>\n\n\n\n<li><a href='?page_no=14245'>14245<\/a><\/li>\n\n\n\n<li class='active'><a>14246<\/a><\/li>\n\n\n\n<li><a href='?page_no=14247'>14247<\/a><\/li>\n\n\n\n<li><a href='?page_no=14248'>14248<\/a><\/li>\n\n\n\n<li><a>...<\/a><\/li>\n\n\n\n<li><a href='?page_no=36999'>36999<\/a><\/li>\n\n\n\n<li><a href='?page_no=37000'>37000<\/a><\/li>\n\n    \n\t\n\n<li >\n\t<a href='?page_no=14247'>Next<\/a>\n\t<\/li>\n\n\n    \n\n<li><a href='?page_no=37000'>Last &rsaquo;&rsaquo;<\/a><\/li>\n\n<\/ul>\n\n\n--><br \/>\n<\/body><\/p>\n","protected":false},"excerpt":{"rendered":"<p>Santo Domingo, RD, 27 de octubre.- El dirigente reformista Erick Bernard, solicita al Presidente de la Rep\u00fablica, Danilo Medina S\u00e1nchez, que en honor al loable trabajo realizado por Morales Troncoso al frente del Ministerio de Relaciones Exteriores, durante doce a\u00f1os, esa sede se le coloque el nombre de Palacio Ministerial Carlos Morales Troncoso. Bernard, quien [&hellip;]<\/p>\n","protected":false},"author":3,"featured_media":0,"comment_status":"open","ping_status":"open","sticky":false,"template":"","format":"standard","meta":{"footnotes":""},"categories":[22],"tags":[],"class_list":["post-161774","post","type-post","status-publish","format-standard","hentry","category-politica"],"_links":{"self":[{"href":"https:\/\/diariodominicano.com\/index.php?rest_route=\/wp\/v2\/posts\/161774","targetHints":{"allow":["GET"]}}],"collection":[{"href":"https:\/\/diariodominicano.com\/index.php?rest_route=\/wp\/v2\/posts"}],"about":[{"href":"https:\/\/diariodominicano.com\/index.php?rest_route=\/wp\/v2\/types\/post"}],"author":[{"embeddable":true,"href":"https:\/\/diariodominicano.com\/index.php?rest_route=\/wp\/v2\/users\/3"}],"replies":[{"embeddable":true,"href":"https:\/\/diariodominicano.com\/index.php?rest_route=%2Fwp%2Fv2%2Fcomments&post=161774"}],"version-history":[{"count":0,"href":"https:\/\/diariodominicano.com\/index.php?rest_route=\/wp\/v2\/posts\/161774\/revisions"}],"wp:attachment":[{"href":"https:\/\/diariodominicano.com\/index.php?rest_route=%2Fwp%2Fv2%2Fmedia&parent=161774"}],"wp:term":[{"taxonomy":"category","embeddable":true,"href":"https:\/\/diariodominicano.com\/index.php?rest_route=%2Fwp%2Fv2%2Fcategories&post=161774"},{"taxonomy":"post_tag","embeddable":true,"href":"https:\/\/diariodominicano.com\/index.php?rest_route=%2Fwp%2Fv2%2Ftags&post=161774"}],"curies":[{"name":"wp","href":"https:\/\/api.w.org\/{rel}","templated":true}]}}