{"id":161773,"date":"2014-10-27T18:41:43","date_gmt":"2014-10-27T18:41:43","guid":{"rendered":"http:\/\/diariodominicano.ddns.net\/?p=161773"},"modified":"2014-10-27T18:41:43","modified_gmt":"2014-10-27T18:41:43","slug":"quique-antun-designa-comision-prsc-para-asistir-actos-funerales-carlos-morales","status":"publish","type":"post","link":"https:\/\/diariodominicano.com\/?p=161773","title":{"rendered":"&#13; &#13; &#13;Quique Ant\u00fan designa comisi\u00f3n PRSC para asistir actos funerales Carlos Morales"},"content":{"rendered":"<p><body><\/p>\n<\/p>\n<p><span class=\"text1noticias\"> <\/span><\/p>\n<p><span class=\"text1noticias\"> <\/span><\/p>\n<p><span class=\"text1noticias\"> <\/span><\/p>\n<p><span class=\"text1noticias\"> <\/span><\/p>\n<p><span class=\"text1noticias\"> <\/span><\/p>\n<p><span class=\"text1noticias\"> <\/span><\/p>\n<p><span class=\"text1noticias\"> <\/span><\/p>\n<p><span class=\"text1noticias\"> <\/span><\/p>\n<p><span class=\"text1noticias\">Santo Domingo, RD, 27 de octubre.- El presidente del Partido Reformista Social Cristiano, ingeniero Federico Ant\u00fan Batlle (Quique), design\u00f3 una comisi\u00f3n que participar\u00e1 en los actos funerales del ex vicepresidente de la Rep\u00fablica, ex Canciller y ex presidente del PRSC, Carlos Morales Troncoso.<\/span><\/p>\n<p><span class=\"text1noticias\"> <\/span><\/p>\n<p><span class=\"text1noticias\">La comisi\u00f3n la encabeza el ingeniero Quique Ant\u00fan y la integran los senadores Amable Aristy Castro y F\u00e9lix V\u00e1squez; el secretario general y diputado, Ram\u00f3n  Rogelio Genao, y el tambi\u00e9n diputado V\u00edctor ?Ito- Bison\u00f3.<\/span><\/p>\n<p><span class=\"text1noticias\"> <\/span><\/p>\n<p><span class=\"text1noticias\">Adem\u00e1s, el ex senador Jos\u00e9 Hazim Frappier; y los secretarios de Organizaci\u00f3n, Miguel Bogaert; de Finanzas, Marino Collante, y de Asuntos Electorales, M\u00e1ximo Castro Silverio, as\u00ed como el licenciado Joaqu\u00edn Ricardo, miembro del Directorio Presidencial (DP), m\u00e1ximo \u00f3rgano de direcci\u00f3n del PRSC.<\/span><\/p>\n<p><span class=\"text1noticias\"> <\/span><\/p>\n<p><span class=\"text1noticias\">Se inform\u00f3 que la comisi\u00f3n del PRSC participar\u00e1 ma\u00f1ana martes en los actos oficiales a celebrarse en el Palacio Nacional, donde ser\u00e1n llevados los restos de Morales Troncoso, y tambi\u00e9n en la Catedral Primada de Am\u00e9rica, donde se oficiar\u00e1 una misa de cuerpo presente.<\/span><\/p>\n<p><span class=\"text1noticias\"> <\/span><\/p>\n<p><span class=\"text1noticias\">Igualmente, los miembros de la comisi\u00f3n asistir\u00e1n en horas de la tarde al Cementerio Puerto del Cielo, donde se dar\u00e1 cristiana sepultara.<\/span><\/p>\n<h6> 2014-10-27 18:41:43 <\/h6>\n<p><!--\n<link rel=\"stylesheet\" href=\"css\/bootstrap.min.css\">\n\n\n<ul class=\"pagination\">\n\t    \n\t\n\n<li >\n\t<a href='?page_no=14244'>Previous<\/a>\n\t<\/li>\n\n\n       \n    \n\n<li><a href='?page_no=1'>1<\/a><\/li>\n\n\n\n<li><a href='?page_no=2'>2<\/a><\/li>\n\n\n\n<li><a>...<\/a><\/li>\n\n\n\n<li><a href='?page_no=14243'>14243<\/a><\/li>\n\n\n\n<li><a href='?page_no=14244'>14244<\/a><\/li>\n\n\n\n<li class='active'><a>14245<\/a><\/li>\n\n\n\n<li><a href='?page_no=14246'>14246<\/a><\/li>\n\n\n\n<li><a href='?page_no=14247'>14247<\/a><\/li>\n\n\n\n<li><a>...<\/a><\/li>\n\n\n\n<li><a href='?page_no=36999'>36999<\/a><\/li>\n\n\n\n<li><a href='?page_no=37000'>37000<\/a><\/li>\n\n    \n\t\n\n<li >\n\t<a href='?page_no=14246'>Next<\/a>\n\t<\/li>\n\n\n    \n\n<li><a href='?page_no=37000'>Last &rsaquo;&rsaquo;<\/a><\/li>\n\n<\/ul>\n\n\n--><br \/>\n<\/body><\/p>\n","protected":false},"excerpt":{"rendered":"<p>Santo Domingo, RD, 27 de octubre.- El presidente del Partido Reformista Social Cristiano, ingeniero Federico Ant\u00fan Batlle (Quique), design\u00f3 una comisi\u00f3n que participar\u00e1 en los actos funerales del ex vicepresidente de la Rep\u00fablica, ex Canciller y ex presidente del PRSC, Carlos Morales Troncoso. La comisi\u00f3n la encabeza el ingeniero Quique Ant\u00fan y la integran los [&hellip;]<\/p>\n","protected":false},"author":3,"featured_media":0,"comment_status":"open","ping_status":"open","sticky":false,"template":"","format":"standard","meta":{"footnotes":""},"categories":[22],"tags":[],"class_list":["post-161773","post","type-post","status-publish","format-standard","hentry","category-politica"],"_links":{"self":[{"href":"https:\/\/diariodominicano.com\/index.php?rest_route=\/wp\/v2\/posts\/161773","targetHints":{"allow":["GET"]}}],"collection":[{"href":"https:\/\/diariodominicano.com\/index.php?rest_route=\/wp\/v2\/posts"}],"about":[{"href":"https:\/\/diariodominicano.com\/index.php?rest_route=\/wp\/v2\/types\/post"}],"author":[{"embeddable":true,"href":"https:\/\/diariodominicano.com\/index.php?rest_route=\/wp\/v2\/users\/3"}],"replies":[{"embeddable":true,"href":"https:\/\/diariodominicano.com\/index.php?rest_route=%2Fwp%2Fv2%2Fcomments&post=161773"}],"version-history":[{"count":0,"href":"https:\/\/diariodominicano.com\/index.php?rest_route=\/wp\/v2\/posts\/161773\/revisions"}],"wp:attachment":[{"href":"https:\/\/diariodominicano.com\/index.php?rest_route=%2Fwp%2Fv2%2Fmedia&parent=161773"}],"wp:term":[{"taxonomy":"category","embeddable":true,"href":"https:\/\/diariodominicano.com\/index.php?rest_route=%2Fwp%2Fv2%2Fcategories&post=161773"},{"taxonomy":"post_tag","embeddable":true,"href":"https:\/\/diariodominicano.com\/index.php?rest_route=%2Fwp%2Fv2%2Ftags&post=161773"}],"curies":[{"name":"wp","href":"https:\/\/api.w.org\/{rel}","templated":true}]}}