{"id":161772,"date":"2014-10-27T19:26:03","date_gmt":"2014-10-27T19:26:03","guid":{"rendered":"http:\/\/diariodominicano.ddns.net\/?p=161772"},"modified":"2014-10-27T19:26:03","modified_gmt":"2014-10-27T19:26:03","slug":"abinader-encabezo-gira-de-tres-dias-en-nueva-york","status":"publish","type":"post","link":"https:\/\/diariodominicano.com\/?p=161772","title":{"rendered":"&#13;&#13;&#13;&#13;Abinader encabez\u00f3 gira de tres d\u00edas en Nueva York"},"content":{"rendered":"<p><body><\/p>\n<p><img decoding=\"async\" src=\"img3\/abinader2.jpg\" \/><br \/><img decoding=\"async\" src=\"img3\/abinadermesa.jpg\" \/>  <\/p>\n<\/p>\n<p>Nueva York, EEUU, 27 de octubre.- El precandidato presidencial Luis Abinader agot\u00f3 una agenda de tres d\u00edas en este estado, que incluy\u00f3 reuniones con su equipo pol\u00edtico, internacional, federal y de las seccionales en el exterior del Partido Revolucionario Moderno (PRM).<\/p>\n<\/p>\n<p>Adem\u00e1s, realiz\u00f3 contactos con empresarios y sectores de la sociedad civil, y culmin\u00f3 como exponente en la cena-gala anual de la Asociaci\u00f3n de Bodegueros de los Estados Unidos (ASOBEU). <\/p>\n<\/p>\n<p>En ese \u00faltimo evento, Abinader declar\u00f3 que \u00abel PRM es una realidad tan visible en el escenario pol\u00edtico de la Rep\u00fablica Dominicana, que en los pocos meses de haber nacido ya est\u00e1 compitiendo de tu a t\u00fa con el Gobierno y el PLD\u00bb.<\/p>\n<\/p>\n<p>Agreg\u00f3 que, junto a la Convergencia por un Mejor Pa\u00eds, el PRM constituye la mejor opci\u00f3n para desplazar al partido morado del poder.<\/p>\n<\/p>\n<p>Asegur\u00f3 que est\u00e1 consciente del papel que la historia le ha llamado a jugar en las actuales circunstancias y que est\u00e1 preparado para encabezar el gobierno de transformar\u00e1 a la Rep\u00fablica Dominicana en todos los \u00f3rdenes.<\/p>\n<\/p>\n<p>Dijo que, una vez sea instalado como presidente de la Rep\u00fablica, cambiar\u00e1 \u00abel deterioro institucional y el abismo al que est\u00e1n llevando al pa\u00eds las administraciones pelede\u00edstas con su festival de pr\u00e9stamos\u00bb.<\/p>\n<\/p>\n<p>El l\u00edder opositor aprovech\u00f3 para agradecer a los medios de comunicaci\u00f3n por el trato y la cobertura a los actos que encabez\u00f3. <\/p>\n<\/p>\n<p>Abinader lleg\u00f3 a este estado el pasado mi\u00e9rcoles 22. Fue recibido por cientos de dirigentes y simpatizantes del PRM y de su proyecto presidencial, quienes abarrotaron el aeropuerto John F. Kennedy y acompa\u00f1aron al economista y empresario hasta el hotel Dylan, donde se hosped\u00f3 y donde recibi\u00f3 comisiones, grupos pol\u00edticos y movimientos externos. <\/p>\n<\/p>\n<p>Culmin\u00f3 el d\u00eda con una reuni\u00f3n de trabajo con su equipo pol\u00edtico y direcci\u00f3n de campa\u00f1a en ultramar, que coordinan Margarito Carlos de Le\u00f3n y Alejandro Rodr\u00edguez (Tonton). <\/p>\n<\/p>\n<p>A las 9:00 de la ma\u00f1ana del Jueves 23, encabez\u00f3 un desayuno privado en el hotel, y a las 3:00 de la tarde un encuentro con el Frente de Taxistas, que coordinan Jul\u00edn Mart\u00ednez y Miguel Germ\u00e1n.<\/p>\n<\/p>\n<p>M\u00e1s tarde, ese mismo d\u00eda, sostuvo una reuni\u00f3n con la direcci\u00f3n institucional en Nueva York del PRM, que preside Luis Emilio Ducasse, y a las 8:00 de la noche una actividad organizada por Margarita Pichardo. <\/p>\n<\/p>\n<p>Abinader estuvo acompa\u00f1ado de su coordinador general de campa\u00f1a, Tony Pe\u00f1a Guaba; su asistente pol\u00edtica, Mercedes Pichardo P\u00e9rez; el  jefe de su avanzada pol\u00edtica, Carlos George; el coordinador nacional de Deportes, Francisco Camacho, y el coordinador general de campa\u00f1a en ultramar, Margarito Carlos de Le\u00f3n.  <\/p>\n<\/p>\n<p>Otros que trabajaron en la coordinaci\u00f3n de las actividades son Julio Paulino, Emigdio Moronta, Arsenio Dev\u00e1res, Ram\u00f3n Pierret, Nelson Maloney, Rosa P\u00e9rez, Luis Ernesto Ducasse, Ram\u00f3n Amparo Valdez, Carlos William Milannesse, Narciso Ulloa de Jes\u00fas, Johanna Miranda, Franklin Trinidad, Di\u00f3genes de los Santos, Servia Iris Familia y Jos\u00e9 Carmona,  entre otros.<\/p>\n<\/p>\n<p>Los eventos fueron magistralmente conducidos y difundidos por Rafael Mendoza y Jairo T. Guerra, directores internacional de Comunicaci\u00f3n y Prensa del PRM en Nueva York<\/p>\n<h6> 2014-10-27 19:26:03 <\/h6>\n<p><!--\n<link rel=\"stylesheet\" href=\"css\/bootstrap.min.css\">\n\n\n<ul class=\"pagination\">\n\t    \n\t\n\n<li >\n\t<a href='?page_no=14243'>Previous<\/a>\n\t<\/li>\n\n\n       \n    \n\n<li><a href='?page_no=1'>1<\/a><\/li>\n\n\n\n<li><a href='?page_no=2'>2<\/a><\/li>\n\n\n\n<li><a>...<\/a><\/li>\n\n\n\n<li><a href='?page_no=14242'>14242<\/a><\/li>\n\n\n\n<li><a href='?page_no=14243'>14243<\/a><\/li>\n\n\n\n<li class='active'><a>14244<\/a><\/li>\n\n\n\n<li><a href='?page_no=14245'>14245<\/a><\/li>\n\n\n\n<li><a href='?page_no=14246'>14246<\/a><\/li>\n\n\n\n<li><a>...<\/a><\/li>\n\n\n\n<li><a href='?page_no=36999'>36999<\/a><\/li>\n\n\n\n<li><a href='?page_no=37000'>37000<\/a><\/li>\n\n    \n\t\n\n<li >\n\t<a href='?page_no=14245'>Next<\/a>\n\t<\/li>\n\n\n    \n\n<li><a href='?page_no=37000'>Last &rsaquo;&rsaquo;<\/a><\/li>\n\n<\/ul>\n\n\n--><br \/>\n<\/body><\/p>\n","protected":false},"excerpt":{"rendered":"<p>Nueva York, EEUU, 27 de octubre.- El precandidato presidencial Luis Abinader agot\u00f3 una agenda de tres d\u00edas en este estado, que incluy\u00f3 reuniones con su equipo pol\u00edtico, internacional, federal y de las seccionales en el exterior del Partido Revolucionario Moderno (PRM). Adem\u00e1s, realiz\u00f3 contactos con empresarios y sectores de la sociedad civil, y culmin\u00f3 como [&hellip;]<\/p>\n","protected":false},"author":3,"featured_media":0,"comment_status":"open","ping_status":"open","sticky":false,"template":"","format":"standard","meta":{"footnotes":""},"categories":[22],"tags":[],"class_list":["post-161772","post","type-post","status-publish","format-standard","hentry","category-politica"],"_links":{"self":[{"href":"https:\/\/diariodominicano.com\/index.php?rest_route=\/wp\/v2\/posts\/161772","targetHints":{"allow":["GET"]}}],"collection":[{"href":"https:\/\/diariodominicano.com\/index.php?rest_route=\/wp\/v2\/posts"}],"about":[{"href":"https:\/\/diariodominicano.com\/index.php?rest_route=\/wp\/v2\/types\/post"}],"author":[{"embeddable":true,"href":"https:\/\/diariodominicano.com\/index.php?rest_route=\/wp\/v2\/users\/3"}],"replies":[{"embeddable":true,"href":"https:\/\/diariodominicano.com\/index.php?rest_route=%2Fwp%2Fv2%2Fcomments&post=161772"}],"version-history":[{"count":0,"href":"https:\/\/diariodominicano.com\/index.php?rest_route=\/wp\/v2\/posts\/161772\/revisions"}],"wp:attachment":[{"href":"https:\/\/diariodominicano.com\/index.php?rest_route=%2Fwp%2Fv2%2Fmedia&parent=161772"}],"wp:term":[{"taxonomy":"category","embeddable":true,"href":"https:\/\/diariodominicano.com\/index.php?rest_route=%2Fwp%2Fv2%2Fcategories&post=161772"},{"taxonomy":"post_tag","embeddable":true,"href":"https:\/\/diariodominicano.com\/index.php?rest_route=%2Fwp%2Fv2%2Ftags&post=161772"}],"curies":[{"name":"wp","href":"https:\/\/api.w.org\/{rel}","templated":true}]}}