{"id":161771,"date":"2014-10-27T20:35:33","date_gmt":"2014-10-27T20:35:33","guid":{"rendered":"http:\/\/diariodominicano.ddns.net\/?p=161771"},"modified":"2014-10-27T20:35:33","modified_gmt":"2014-10-27T20:35:33","slug":"bichara-afirma-eleccion-de-candidato-en-el-pld-es-tema-del-proximo-ano","status":"publish","type":"post","link":"https:\/\/diariodominicano.com\/?p=161771","title":{"rendered":"&#13;Bichara afirma elecci\u00f3n de candidato en el PLD  es tema del pr\u00f3ximo a\u00f1o"},"content":{"rendered":"<p><body><\/p>\n<p><span class=\"text1noticias\">Santo Domingo, RD, 27 de Octubre.-Rub\u00e9n Bichara, miembro del Comit\u00e9 Pol\u00edtico del Partido de la Liberaci\u00f3n Dominicana, declar\u00f3 que el Partido no tiene la necesidad de abocarse a elegir a su candidato presidencial por el momento, ya que por ahora lo m\u00e1s importante es trabajar todos  juntos al gobierno del Presidente Medina.<\/span><\/p>\n<p><span class=\"text1noticias\"> <\/span><\/p>\n<p><span class=\"text1noticias\">El tambi\u00e9n Vicepresidente Ejecutivo de la Corporaci\u00f3n Dominicana de Empresas El\u00e9ctricas Estatales, opin\u00f3 que hay que esperar, y sugiri\u00f3 a sus compa\u00f1eros del PLD que el pr\u00f3ximo a\u00f1o se ponga ese tema sobre la mesa y tomar una decisi\u00f3n al respecto.<\/span><\/p>\n<p><span class=\"text1noticias\"> <\/span><\/p>\n<p><span class=\"text1noticias\">Bichara, aclar\u00f3 que la pol\u00edtica es similar a la estrategia de ajedrez, que hay cosas que no se pueden declarar porque si hacen se prepara al oponentes, por lo que hay que dejar eso as\u00ed, luego m\u00e1s adelante ver si se pega.<\/span><\/p>\n<p><span class=\"text1noticias\"> <\/span><\/p>\n<p><span class=\"text1noticias\">Precis\u00f3 que tenemos que esperar hasta el a\u00f1o que viene, y en febrero retomar los trabajos y tomar las decisiones finales sobre diferentes temas.<\/span><\/p>\n<p><span class=\"text1noticias\"> <\/span><\/p>\n<p><span class=\"text1noticias\">Abundando sobre el tema el\u00e9ctrico el funcionario declar\u00f3 sobre los avances del servicio el\u00e9ctrico y asegur\u00f3 que el pa\u00eds podr\u00e1 contar con un servicio estable y a buen precio, puesto que estamos avanzando a niveles aceptables.<\/span><\/p>\n<p><span class=\"text1noticias\"> <\/span><\/p>\n<p><span class=\"text1noticias\">\u00abY  tendremos que brindar esos servicios porque  esa es la garant\u00eda de que despu\u00e9s de 120 a\u00f1os el pa\u00eds tenga un servicio energ\u00e9tico estable para el consumo de la poblaci\u00f3n\u00bb, agreg\u00f3.(HG)<\/span>.<\/p>\n<h6> 2014-10-27 20:35:33 <\/h6>\n<p><!--\n<link rel=\"stylesheet\" href=\"css\/bootstrap.min.css\">\n\n\n<ul class=\"pagination\">\n\t    \n\t\n\n<li >\n\t<a href='?page_no=14242'>Previous<\/a>\n\t<\/li>\n\n\n       \n    \n\n<li><a href='?page_no=1'>1<\/a><\/li>\n\n\n\n<li><a href='?page_no=2'>2<\/a><\/li>\n\n\n\n<li><a>...<\/a><\/li>\n\n\n\n<li><a href='?page_no=14241'>14241<\/a><\/li>\n\n\n\n<li><a href='?page_no=14242'>14242<\/a><\/li>\n\n\n\n<li class='active'><a>14243<\/a><\/li>\n\n\n\n<li><a href='?page_no=14244'>14244<\/a><\/li>\n\n\n\n<li><a href='?page_no=14245'>14245<\/a><\/li>\n\n\n\n<li><a>...<\/a><\/li>\n\n\n\n<li><a href='?page_no=36999'>36999<\/a><\/li>\n\n\n\n<li><a href='?page_no=37000'>37000<\/a><\/li>\n\n    \n\t\n\n<li >\n\t<a href='?page_no=14244'>Next<\/a>\n\t<\/li>\n\n\n    \n\n<li><a href='?page_no=37000'>Last &rsaquo;&rsaquo;<\/a><\/li>\n\n<\/ul>\n\n\n--><br \/>\n<\/body><\/p>\n","protected":false},"excerpt":{"rendered":"<p>Santo Domingo, RD, 27 de Octubre.-Rub\u00e9n Bichara, miembro del Comit\u00e9 Pol\u00edtico del Partido de la Liberaci\u00f3n Dominicana, declar\u00f3 que el Partido no tiene la necesidad de abocarse a elegir a su candidato presidencial por el momento, ya que por ahora lo m\u00e1s importante es trabajar todos juntos al gobierno del Presidente Medina. El tambi\u00e9n Vicepresidente [&hellip;]<\/p>\n","protected":false},"author":3,"featured_media":0,"comment_status":"open","ping_status":"open","sticky":false,"template":"","format":"standard","meta":{"footnotes":""},"categories":[22],"tags":[],"class_list":["post-161771","post","type-post","status-publish","format-standard","hentry","category-politica"],"_links":{"self":[{"href":"https:\/\/diariodominicano.com\/index.php?rest_route=\/wp\/v2\/posts\/161771","targetHints":{"allow":["GET"]}}],"collection":[{"href":"https:\/\/diariodominicano.com\/index.php?rest_route=\/wp\/v2\/posts"}],"about":[{"href":"https:\/\/diariodominicano.com\/index.php?rest_route=\/wp\/v2\/types\/post"}],"author":[{"embeddable":true,"href":"https:\/\/diariodominicano.com\/index.php?rest_route=\/wp\/v2\/users\/3"}],"replies":[{"embeddable":true,"href":"https:\/\/diariodominicano.com\/index.php?rest_route=%2Fwp%2Fv2%2Fcomments&post=161771"}],"version-history":[{"count":0,"href":"https:\/\/diariodominicano.com\/index.php?rest_route=\/wp\/v2\/posts\/161771\/revisions"}],"wp:attachment":[{"href":"https:\/\/diariodominicano.com\/index.php?rest_route=%2Fwp%2Fv2%2Fmedia&parent=161771"}],"wp:term":[{"taxonomy":"category","embeddable":true,"href":"https:\/\/diariodominicano.com\/index.php?rest_route=%2Fwp%2Fv2%2Fcategories&post=161771"},{"taxonomy":"post_tag","embeddable":true,"href":"https:\/\/diariodominicano.com\/index.php?rest_route=%2Fwp%2Fv2%2Ftags&post=161771"}],"curies":[{"name":"wp","href":"https:\/\/api.w.org\/{rel}","templated":true}]}}