{"id":161770,"date":"2014-10-27T21:05:46","date_gmt":"2014-10-27T21:05:46","guid":{"rendered":"http:\/\/diariodominicano.ddns.net\/?p=161770"},"modified":"2014-10-27T21:05:46","modified_gmt":"2014-10-27T21:05:46","slug":"minou-tavarez-mirabal-dice-no-me-arrepiento-de-irme-del-pld","status":"publish","type":"post","link":"https:\/\/diariodominicano.com\/?p=161770","title":{"rendered":"Minou Tav\u00e1rez Mirabal dice  \u00abno me arrepiento de irme del PLD&#8230;\u00bb"},"content":{"rendered":"<p><body><\/p>\n<p><img decoding=\"async\" src=\"img3\/Minou.jpg\" \/>  <\/p>\n<p><span class=\"text1noticias\">Santo Domingo, RD, 27 de Octubre.-La diputada Minou Tav\u00e1rez Mirabal dijo que no se arrepiente de haberse ido del Partido de la Liberaci\u00f3n Dominicana (PLD), debido a que en la actualidad esta organizaci\u00f3n pol\u00edtica se ha convertido en una verg\u00fcenza para el pais, a ra\u00edz de los conflictos que han surgido en los \u00faltimos d\u00edas.<\/span><\/p>\n<\/p>\n<p><span class=\"text1noticias\">La congresista Mirabal se expres\u00f3 en esos t\u00e9rminos citando el esc\u00e1ndalo de corrupci\u00f3n de la compra de los aviones S\u00faper Tucanos y el sometimiento a la justicia por lavado de activos y corrupci\u00f3n contra el senador de San Juan, F\u00e9lix Bautista. <\/span><\/p>\n<\/p>\n<p><span class=\"text1noticias\">Al ser entrevistada por el periodista Salvador Holgu\u00edn en el programa \u00abHilando Fino\u00bb que se transmite por Teleradio Am\u00e9rica canal 45 de lunes a viernes a las 8:00 AM, la legisladora asegur\u00f3 que su decisi\u00f3n encarna el sentimiento de muchos pelede\u00edstas, hasta en el nivel directivo.<\/span><\/p>\n<\/p>\n<p><span class=\"text1noticias\">Minou Tav\u00e1rez asegur\u00f3 sentirse tranquila despu\u00e9s de haber renunciado a las filas del PLD, puesto que recibi\u00f3 un gran apoyo de muchos compa\u00f1eros y ciudadanos a nivel nacional, dentro y fuera del partido.<\/span><\/p>\n<p><span class=\"text1noticias\">Tav\u00e1rez resalt\u00f3 que muchos la apoyan y se averg\u00fcenza de las siglas del PLD, pero que no se atreven a seguirles los pasos y renunciar, por miedo a ser destituido de sus cargos.<\/span><\/p>\n<\/p>\n<p><strong><span class=\"text1noticias\">Problemas internos en el PLD<\/span><\/strong><\/p>\n<\/p>\n<p><span class=\"text1noticias\">Minou Tav\u00e1rez dijo que el partido pelede\u00edsta es incapaz de resolver sus problemas internos, raz\u00f3n por lo que los traslada a las instituciones del Estado. <\/span><\/p>\n<\/p>\n<p><span class=\"text1noticias\">La diputada mencion\u00f3 como ejemplo de esta situaci\u00f3n, la muerte del regidor de Bayaguana por encargo del s\u00edndico del mismo cabildo y los conflictos entre el senador F\u00e9lix Bautista y el Procurador General Francisco Dom\u00ednguez Brito.<\/span><\/p>\n<\/p>\n<p><span class=\"text1noticias\">Tav\u00e1rez indic\u00f3 que estos problemas son fruto de la crisis de partidos pol\u00edticos que vive el pa\u00eds, la misma que dividi\u00f3 al Partido Revolucionario Dominicano (PRD) y que no ha separado al PLD porque est\u00e1 en el poder y pretende seguir ah\u00ed, expres\u00f3 la legisladora.(HG)<\/span>.<\/p>\n<h6> 2014-10-27 21:05:46 <\/h6>\n<p><!--\n<link rel=\"stylesheet\" href=\"css\/bootstrap.min.css\">\n\n\n<ul class=\"pagination\">\n\t    \n\t\n\n<li >\n\t<a href='?page_no=14241'>Previous<\/a>\n\t<\/li>\n\n\n       \n    \n\n<li><a href='?page_no=1'>1<\/a><\/li>\n\n\n\n<li><a href='?page_no=2'>2<\/a><\/li>\n\n\n\n<li><a>...<\/a><\/li>\n\n\n\n<li><a href='?page_no=14240'>14240<\/a><\/li>\n\n\n\n<li><a href='?page_no=14241'>14241<\/a><\/li>\n\n\n\n<li class='active'><a>14242<\/a><\/li>\n\n\n\n<li><a href='?page_no=14243'>14243<\/a><\/li>\n\n\n\n<li><a href='?page_no=14244'>14244<\/a><\/li>\n\n\n\n<li><a>...<\/a><\/li>\n\n\n\n<li><a href='?page_no=36999'>36999<\/a><\/li>\n\n\n\n<li><a href='?page_no=37000'>37000<\/a><\/li>\n\n    \n\t\n\n<li >\n\t<a href='?page_no=14243'>Next<\/a>\n\t<\/li>\n\n\n    \n\n<li><a href='?page_no=37000'>Last &rsaquo;&rsaquo;<\/a><\/li>\n\n<\/ul>\n\n\n--><br \/>\n<\/body><\/p>\n","protected":false},"excerpt":{"rendered":"<p>Santo Domingo, RD, 27 de Octubre.-La diputada Minou Tav\u00e1rez Mirabal dijo que no se arrepiente de haberse ido del Partido de la Liberaci\u00f3n Dominicana (PLD), debido a que en la actualidad esta organizaci\u00f3n pol\u00edtica se ha convertido en una verg\u00fcenza para el pais, a ra\u00edz de los conflictos que han surgido en los \u00faltimos d\u00edas. [&hellip;]<\/p>\n","protected":false},"author":3,"featured_media":0,"comment_status":"open","ping_status":"open","sticky":false,"template":"","format":"standard","meta":{"footnotes":""},"categories":[22],"tags":[],"class_list":["post-161770","post","type-post","status-publish","format-standard","hentry","category-politica"],"_links":{"self":[{"href":"https:\/\/diariodominicano.com\/index.php?rest_route=\/wp\/v2\/posts\/161770","targetHints":{"allow":["GET"]}}],"collection":[{"href":"https:\/\/diariodominicano.com\/index.php?rest_route=\/wp\/v2\/posts"}],"about":[{"href":"https:\/\/diariodominicano.com\/index.php?rest_route=\/wp\/v2\/types\/post"}],"author":[{"embeddable":true,"href":"https:\/\/diariodominicano.com\/index.php?rest_route=\/wp\/v2\/users\/3"}],"replies":[{"embeddable":true,"href":"https:\/\/diariodominicano.com\/index.php?rest_route=%2Fwp%2Fv2%2Fcomments&post=161770"}],"version-history":[{"count":0,"href":"https:\/\/diariodominicano.com\/index.php?rest_route=\/wp\/v2\/posts\/161770\/revisions"}],"wp:attachment":[{"href":"https:\/\/diariodominicano.com\/index.php?rest_route=%2Fwp%2Fv2%2Fmedia&parent=161770"}],"wp:term":[{"taxonomy":"category","embeddable":true,"href":"https:\/\/diariodominicano.com\/index.php?rest_route=%2Fwp%2Fv2%2Fcategories&post=161770"},{"taxonomy":"post_tag","embeddable":true,"href":"https:\/\/diariodominicano.com\/index.php?rest_route=%2Fwp%2Fv2%2Ftags&post=161770"}],"curies":[{"name":"wp","href":"https:\/\/api.w.org\/{rel}","templated":true}]}}