{"id":161769,"date":"2014-10-28T15:26:03","date_gmt":"2014-10-28T15:26:03","guid":{"rendered":"http:\/\/diariodominicano.ddns.net\/?p=161769"},"modified":"2014-10-28T15:26:03","modified_gmt":"2014-10-28T15:26:03","slug":"pri-elegiria-a-leonel-fernandez-como-candidato-presidencial","status":"publish","type":"post","link":"https:\/\/diariodominicano.com\/?p=161769","title":{"rendered":"PRI elegir\u00eda a Leonel Fern\u00e1ndez como candidato presidencial"},"content":{"rendered":"<p><body><\/p>\n<p><img decoding=\"async\" src=\"img3\/leo 28.jpg\" \/>  <\/p>\n<p>Santo Domingo RD 28 octubre.- El expresidente Leonel Fern\u00e1ndez ser\u00eda elegido como el candidato presidencial en la Convenci\u00f3n Nacional del Partido Revolucionario Independiente (PRI), seg\u00fan Julio Jim\u00e9nez, presidente de esa organizaci\u00f3n.<\/p>\n<\/p>\n<p>Dijo que la propuesta cuenta con la aprobaci\u00f3n de la mayor\u00eda de los dirigentes pri\u00edstas a nivel nacional. <\/p>\n<\/p>\n<p>Asegur\u00f3 que con la integraci\u00f3n del PRI y otros partidos al Bloque Progresista, este se covertir\u00e1 en la maquinaria electoral m\u00e1s poderosa de la Rep\u00fablica Dominicana.<\/p>\n<h6> 2014-10-28 15:26:03 <\/h6>\n<p><!--\n<link rel=\"stylesheet\" href=\"css\/bootstrap.min.css\">\n\n\n<ul class=\"pagination\">\n\t    \n\t\n\n<li >\n\t<a href='?page_no=14240'>Previous<\/a>\n\t<\/li>\n\n\n       \n    \n\n<li><a href='?page_no=1'>1<\/a><\/li>\n\n\n\n<li><a href='?page_no=2'>2<\/a><\/li>\n\n\n\n<li><a>...<\/a><\/li>\n\n\n\n<li><a href='?page_no=14239'>14239<\/a><\/li>\n\n\n\n<li><a href='?page_no=14240'>14240<\/a><\/li>\n\n\n\n<li class='active'><a>14241<\/a><\/li>\n\n\n\n<li><a href='?page_no=14242'>14242<\/a><\/li>\n\n\n\n<li><a href='?page_no=14243'>14243<\/a><\/li>\n\n\n\n<li><a>...<\/a><\/li>\n\n\n\n<li><a href='?page_no=36999'>36999<\/a><\/li>\n\n\n\n<li><a href='?page_no=37000'>37000<\/a><\/li>\n\n    \n\t\n\n<li >\n\t<a href='?page_no=14242'>Next<\/a>\n\t<\/li>\n\n\n    \n\n<li><a href='?page_no=37000'>Last &rsaquo;&rsaquo;<\/a><\/li>\n\n<\/ul>\n\n\n--><br \/>\n<\/body><\/p>\n","protected":false},"excerpt":{"rendered":"<p>Santo Domingo RD 28 octubre.- El expresidente Leonel Fern\u00e1ndez ser\u00eda elegido como el candidato presidencial en la Convenci\u00f3n Nacional del Partido Revolucionario Independiente (PRI), seg\u00fan Julio Jim\u00e9nez, presidente de esa organizaci\u00f3n. Dijo que la propuesta cuenta con la aprobaci\u00f3n de la mayor\u00eda de los dirigentes pri\u00edstas a nivel nacional. Asegur\u00f3 que con la integraci\u00f3n del [&hellip;]<\/p>\n","protected":false},"author":3,"featured_media":0,"comment_status":"open","ping_status":"open","sticky":false,"template":"","format":"standard","meta":{"footnotes":""},"categories":[22],"tags":[],"class_list":["post-161769","post","type-post","status-publish","format-standard","hentry","category-politica"],"_links":{"self":[{"href":"https:\/\/diariodominicano.com\/index.php?rest_route=\/wp\/v2\/posts\/161769","targetHints":{"allow":["GET"]}}],"collection":[{"href":"https:\/\/diariodominicano.com\/index.php?rest_route=\/wp\/v2\/posts"}],"about":[{"href":"https:\/\/diariodominicano.com\/index.php?rest_route=\/wp\/v2\/types\/post"}],"author":[{"embeddable":true,"href":"https:\/\/diariodominicano.com\/index.php?rest_route=\/wp\/v2\/users\/3"}],"replies":[{"embeddable":true,"href":"https:\/\/diariodominicano.com\/index.php?rest_route=%2Fwp%2Fv2%2Fcomments&post=161769"}],"version-history":[{"count":0,"href":"https:\/\/diariodominicano.com\/index.php?rest_route=\/wp\/v2\/posts\/161769\/revisions"}],"wp:attachment":[{"href":"https:\/\/diariodominicano.com\/index.php?rest_route=%2Fwp%2Fv2%2Fmedia&parent=161769"}],"wp:term":[{"taxonomy":"category","embeddable":true,"href":"https:\/\/diariodominicano.com\/index.php?rest_route=%2Fwp%2Fv2%2Fcategories&post=161769"},{"taxonomy":"post_tag","embeddable":true,"href":"https:\/\/diariodominicano.com\/index.php?rest_route=%2Fwp%2Fv2%2Ftags&post=161769"}],"curies":[{"name":"wp","href":"https:\/\/api.w.org\/{rel}","templated":true}]}}