{"id":161765,"date":"2014-10-28T18:32:17","date_gmt":"2014-10-28T18:32:17","guid":{"rendered":"http:\/\/diariodominicano.ddns.net\/?p=161765"},"modified":"2014-10-28T18:32:17","modified_gmt":"2014-10-28T18:32:17","slug":"montas-reivindica-etica-de-bosch-y-ataca-a-quienes-violentan-principios-pld","status":"publish","type":"post","link":"https:\/\/diariodominicano.com\/?p=161765","title":{"rendered":"&#13;&#13;Mont\u00e1s reivindica \u00e9tica de Bosch y ataca a quienes violentan principios PLD"},"content":{"rendered":"<p><body><\/p>\n<p><img decoding=\"async\" src=\"img3\/temo1.jpg\" \/><br \/><img decoding=\"async\" src=\"img3\/temo2.jpg\" \/>  <\/p>\n<\/p>\n<p>Santo Domingo, RD, 28 de octubre.- El aspirante presidencial Tem\u00edstocles Mont\u00e1s exhort\u00f3 a la militancia del Partido de la Liberaci\u00f3n Dominicana (PLD)  a que jam\u00e1s olvide al profesor Bosch cuando dec\u00eda que la pol\u00edtica es una actividad decente que no debe ser practicada por corruptos.<\/p>\n<\/p>\n<p>Esta fue la idea central propalada por \u00e9l en cada uno de los encuentros con la base que sostuvo este fin de semana de cara a las primarias el a\u00f1o que viene, las que defini\u00f3 como un reto para impedir la vuelta al pasado escogiendo un candidato nuevo.<\/p>\n<\/p>\n<p>\u00abLo que me comprometo a hacer del PLD es un instrumento de lucha para, como dec\u00eda nuestro l\u00edder y fundador, servir a los dem\u00e1s, no servirse de los dem\u00e1s, luchar por un pa\u00eds donde cada uno de ustedes viva con la frente en alto\u00bb, agreg\u00f3.<\/p>\n<\/p>\n<p>Mont\u00e1s fue recibido por decenas de seguidores de su movimiento dentro del Partido de la Liberaci\u00f3n Dominicana en las comunidades de Quita Sue\u00f1o, Platanal, Zambrano, Angelina, La Palma, F\u00e1ntino y  Cotu\u00ed,  en la    provincia S\u00e1nchez Ram\u00edrez.<\/p>\n<\/p>\n<p>Dijo que contrario al amor, al que a veces hay que decirle adi\u00f3s, al pasado en pol\u00edtica es siempre cuando hay que decirle adi\u00f3s, porque los pueblos que avanzan son los que miran al futuro y los que se anquilosan aquellos que apuestan otra vez al pasado.<\/p>\n<\/p>\n<p>\u00abLo que quiero decirles es que quien gobern\u00f3 debe ahora ceder la oportunidad a otros compa\u00f1eros. Al compa\u00f1ero Danilo (Medina) le quisieron cerrar las puertas del partido y hoy es el Presidente m\u00e1s valorado en la historia del pa\u00eds y de Am\u00e9rica Latina\u00bb, subray\u00f3.<\/p>\n<\/p>\n<p>Record\u00f3 que cuando Bosch ces\u00f3 en la actividad pol\u00edtica en 1994 el relanzamiento del partido fue asumido por Leonel Fern\u00e1ndez, por Danilo Medina y por \u00e9l, y esos otros dos compa\u00f1eros suyos ya han gobernado.<\/p>\n<\/p>\n<p>Por tanto, considera que a \u00e9l es a quien corresponde ahora la candidatura presidencial, adem\u00e1s de que Danilo, a quien defini\u00f3 como abanderado contra la reelecci\u00f3n, no aspirar\u00e1 a una repostulaci\u00f3n, y est\u00e1 impedido por la Constituci\u00f3n.<\/p>\n<\/p>\n<p>\u00abCompa\u00f1eros, lo que quiero que quede claro en sus mentes es que, si de nosotros tres, dos han sido ya presidentes, no m\u00e1s falto yo, que me he ganado ese derecho, y prometo que levantar\u00e9 las banderas del partido, de Bosch, que luchar\u00e9 por el derecho del pueblo a la comida, a la educaci\u00f3n, a la salud, a la vivienda, a la seguridad social, a la libertad\u00bb, prometi\u00f3.<\/p>\n<\/p>\n<p>En su recorrido sostuvo contactos con el coordinador provincial de Fantino Porfirio Veras, con Ram\u00f3n Dipl\u00e1n, con Junior Jos\u00e9, con Celeste Ovalle y Ram\u00f3n M\u00e9ndez, y la presencia de una delegaci\u00f3n del poblado Caballero encabezada por el alcalde Antonio Ure\u00f1a.<\/p>\n<\/p>\n<p>El activista Amado M\u00e9ndez, quien habl\u00f3 en nombre de la base del partido en su comunidad, calific\u00f3 a Mont\u00e1s como uno de los disc\u00edpulo m\u00e1s aventajado de Bosch, por lo que pidi\u00f3 a los participantes en el acto esperar de \u00e9l cambios profundos en el pa\u00eds, en tanto Ovalle declar\u00f3 que \u00abcon Temo podemos salir a camino\u00bb.<\/p>\n<\/p>\n<p>En el distrito municipal de La Mata, Delio D\u00edaz dijo que el PLD vive un proceso de definici\u00f3n en el que Mont\u00e1s garantizar\u00eda los cambios, por ser no s\u00f3lo dirigente sino parte de la base de la organizaci\u00f3n.<\/p>\n<\/p>\n<p>Mientras que Di\u00f3genes Vale invit\u00f3 a los militantes de Angelina a respaldar el proyecto de Mont\u00e1s, a quien defini\u00f3 como una persona sencilla y de gran val\u00eda en t\u00e9rminos humanos. <\/p>\n<h6> 2014-10-28 18:32:17 <\/h6>\n<p><!--\n<link rel=\"stylesheet\" href=\"css\/bootstrap.min.css\">\n\n\n<ul class=\"pagination\">\n\t    \n\t\n\n<li >\n\t<a href='?page_no=14237'>Previous<\/a>\n\t<\/li>\n\n\n       \n    \n\n<li><a href='?page_no=1'>1<\/a><\/li>\n\n\n\n<li><a href='?page_no=2'>2<\/a><\/li>\n\n\n\n<li><a>...<\/a><\/li>\n\n\n\n<li><a href='?page_no=14236'>14236<\/a><\/li>\n\n\n\n<li><a href='?page_no=14237'>14237<\/a><\/li>\n\n\n\n<li class='active'><a>14238<\/a><\/li>\n\n\n\n<li><a href='?page_no=14239'>14239<\/a><\/li>\n\n\n\n<li><a href='?page_no=14240'>14240<\/a><\/li>\n\n\n\n<li><a>...<\/a><\/li>\n\n\n\n<li><a href='?page_no=36999'>36999<\/a><\/li>\n\n\n\n<li><a href='?page_no=37000'>37000<\/a><\/li>\n\n    \n\t\n\n<li >\n\t<a href='?page_no=14239'>Next<\/a>\n\t<\/li>\n\n\n    \n\n<li><a href='?page_no=37000'>Last &rsaquo;&rsaquo;<\/a><\/li>\n\n<\/ul>\n\n\n--><br \/>\n<\/body><\/p>\n","protected":false},"excerpt":{"rendered":"<p>Santo Domingo, RD, 28 de octubre.- El aspirante presidencial Tem\u00edstocles Mont\u00e1s exhort\u00f3 a la militancia del Partido de la Liberaci\u00f3n Dominicana (PLD) a que jam\u00e1s olvide al profesor Bosch cuando dec\u00eda que la pol\u00edtica es una actividad decente que no debe ser practicada por corruptos. Esta fue la idea central propalada por \u00e9l en cada [&hellip;]<\/p>\n","protected":false},"author":3,"featured_media":0,"comment_status":"open","ping_status":"open","sticky":false,"template":"","format":"standard","meta":{"footnotes":""},"categories":[22],"tags":[],"class_list":["post-161765","post","type-post","status-publish","format-standard","hentry","category-politica"],"_links":{"self":[{"href":"https:\/\/diariodominicano.com\/index.php?rest_route=\/wp\/v2\/posts\/161765","targetHints":{"allow":["GET"]}}],"collection":[{"href":"https:\/\/diariodominicano.com\/index.php?rest_route=\/wp\/v2\/posts"}],"about":[{"href":"https:\/\/diariodominicano.com\/index.php?rest_route=\/wp\/v2\/types\/post"}],"author":[{"embeddable":true,"href":"https:\/\/diariodominicano.com\/index.php?rest_route=\/wp\/v2\/users\/3"}],"replies":[{"embeddable":true,"href":"https:\/\/diariodominicano.com\/index.php?rest_route=%2Fwp%2Fv2%2Fcomments&post=161765"}],"version-history":[{"count":0,"href":"https:\/\/diariodominicano.com\/index.php?rest_route=\/wp\/v2\/posts\/161765\/revisions"}],"wp:attachment":[{"href":"https:\/\/diariodominicano.com\/index.php?rest_route=%2Fwp%2Fv2%2Fmedia&parent=161765"}],"wp:term":[{"taxonomy":"category","embeddable":true,"href":"https:\/\/diariodominicano.com\/index.php?rest_route=%2Fwp%2Fv2%2Fcategories&post=161765"},{"taxonomy":"post_tag","embeddable":true,"href":"https:\/\/diariodominicano.com\/index.php?rest_route=%2Fwp%2Fv2%2Ftags&post=161765"}],"curies":[{"name":"wp","href":"https:\/\/api.w.org\/{rel}","templated":true}]}}