{"id":161764,"date":"2014-10-28T18:45:31","date_gmt":"2014-10-28T18:45:31","guid":{"rendered":"http:\/\/diariodominicano.ddns.net\/?p=161764"},"modified":"2014-10-28T18:45:31","modified_gmt":"2014-10-28T18:45:31","slug":"felabel-dice-hospital-morillo-king-de-la-vega-luce-como-un-basurero","status":"publish","type":"post","link":"https:\/\/diariodominicano.com\/?p=161764","title":{"rendered":"&#13;&#13;&#13;&#13;FELABEL dice Hospital Morillo King de La Vega luce como un basurero"},"content":{"rendered":"<p><body><\/p>\n<p><img decoding=\"async\" src=\"img3\/felabel.jpg\" \/>  <\/p>\n<\/p>\n<p><span class=\"text1noticias\">LA VEGA, RD, 28 de octubre.-.- El Frente Estudiantil de Liberaci\u00f3n Am\u00edn Abel (FELABEL) en La Vega,  denunci\u00f3 que el Hospital Regional Luis Morillo King se encuentra convertido en un vertedero en su interior, por lo que la suciedad, los malos olores que \u00abperfuman\u00bb el ambiente y los deshechos, que se encuentran muy cerca de a los ?pacientes internos, afect\u00e1ndolos.<\/span><\/p>\n<\/p>\n<p><span class=\"text1noticias\">Bartolo Cruz, Secretario General del FELABEL en La Vega, dijo que en el hospital \u00abLuis Morillo King faltan medicamentos y equipos, lo que impide que los  m\u00e9dicos puedan dar la debida atenci\u00f3n a los pacientes.?<\/span><\/p>\n<\/p>\n<p><span class=\"text1noticias\">\u00abEl hospital Morillo King se encuentra en total abandono; no hay condiciones para atender cientos de pacientes que acuden provenientes de Jarabacoa, Constanza, Jima Abajo, Villa Tapia y otras poblaciones,  Simplemente, no est\u00e1 en capacidad de resistir referimientos de otros centros de Salud.  Adem\u00e1s, la alimentaci\u00f3n que ofrece a los internos, es mala y como si fueran para animales\u00bb, manifest\u00f3 el dirigente estudiantil.<\/span><\/p>\n<\/p>\n<p><span class=\"text1noticias\">Para el dirigente estudiantil, es una verg\u00fcenza ?y una falta de respeto para la salud de los pacientes internos en el hospital regional \u00abLuis Morillo King\u00bb, la insalubridad en que se encuentra dicho centro de salud de La Vega.<\/span><\/p>\n<\/p>\n<p><span class=\"text1noticias\">Indic\u00f3 que en el hospital de La Vega a diario mueren personas por no encontrar la atenci\u00f3n eficiente y a tiempo, mientras otros, con cuadro de salud cr\u00edtico y que requerir\u00edan de internamientos,  se van a sus casas sin dolientes.<\/span><\/p>\n<\/p>\n<p><span class=\"text1noticias\">Cruz dijo que el FELABEL en La Vega estar\u00e1 luchando por el 5% del Producto Interno Bruto (PIB) para Salud, al mismo tiempo que exigi\u00f3 del presidente Danilo Medina disponer la intervenci\u00f3n del hospital de La Vega, dotarlo de los equipos necesarios para que se puedan realizar los estudios y diagn\u00f3stico que requieren los pacientes, tras atribuir la situaci\u00f3n a que para el primer mandatario de la Rep\u00fablica, \u00ablos veganos no velen nada\u00bb.<\/span><\/p>\n<\/p>\n<p><span class=\"text1noticias\">En otro orden,  Bartolo Cruz denunci\u00f3 que el Presidente Danilo Medina, mediante el Decreto 129-14, mediante el cual le quita a la UASD los terrenos de la Fortaleza \u00abLa Concepci\u00f3n\u00bb de La Vega, derogando el Decreto 219-12, mediante el cual se hab\u00eda dispuesto su entrega para la construcci\u00f3n en esa ciudad, del centro universitario de la universidad del Estado.<\/span><\/p>\n<\/p>\n<p><span class=\"text1noticias\">Calific\u00f3 de deplorable y vergonzoso el hecho, que se realizara un acto en la Fortaleza de La Vega para anunciar el Decreto 219-12 que entrega de su terrenos a la UASD, a tan solo cuatro d\u00edas de las elecciones presidenciales, congresuales y municipales del 20 de mayo de 2012, en las que se impuso el Partido de la Liberaci\u00f3n Dominicana (PLD) y result\u00f3 electo Medina presidente, y que ahora derogue esa disposici\u00f3n que beneficio su elecci\u00f3n.<\/span><\/p>\n<\/p>\n<p><span class=\"text1noticias\">Bartolo Cruz afirm\u00f3 que para el presidente Danilo Medina, los j\u00f3venes y el pueblo de La Vega no significan nada, atribuyendo a esto la situaci\u00f3n de abandono del hospital \u00abLuis Morillo King\u00bb, como las condiciones inhumanas que dice tienen que estudiar los j\u00f3venes veganos en la extensi\u00f3n de la UASD de La Vega, y concluy\u00f3 diciendo que \u00ab\u00a1y ni en sue\u00f1os nos ha ofrecido soluci\u00f3n!\u00bb<\/span><\/p>\n<h6> 2014-10-28 18:45:31 <\/h6>\n<p><!--\n<link rel=\"stylesheet\" href=\"css\/bootstrap.min.css\">\n\n\n<ul class=\"pagination\">\n\t    \n\t\n\n<li >\n\t<a href='?page_no=14236'>Previous<\/a>\n\t<\/li>\n\n\n       \n    \n\n<li><a href='?page_no=1'>1<\/a><\/li>\n\n\n\n<li><a href='?page_no=2'>2<\/a><\/li>\n\n\n\n<li><a>...<\/a><\/li>\n\n\n\n<li><a href='?page_no=14235'>14235<\/a><\/li>\n\n\n\n<li><a href='?page_no=14236'>14236<\/a><\/li>\n\n\n\n<li class='active'><a>14237<\/a><\/li>\n\n\n\n<li><a href='?page_no=14238'>14238<\/a><\/li>\n\n\n\n<li><a href='?page_no=14239'>14239<\/a><\/li>\n\n\n\n<li><a>...<\/a><\/li>\n\n\n\n<li><a href='?page_no=36999'>36999<\/a><\/li>\n\n\n\n<li><a href='?page_no=37000'>37000<\/a><\/li>\n\n    \n\t\n\n<li >\n\t<a href='?page_no=14238'>Next<\/a>\n\t<\/li>\n\n\n    \n\n<li><a href='?page_no=37000'>Last &rsaquo;&rsaquo;<\/a><\/li>\n\n<\/ul>\n\n\n--><br \/>\n<\/body><\/p>\n","protected":false},"excerpt":{"rendered":"<p>LA VEGA, RD, 28 de octubre.-.- El Frente Estudiantil de Liberaci\u00f3n Am\u00edn Abel (FELABEL) en La Vega, denunci\u00f3 que el Hospital Regional Luis Morillo King se encuentra convertido en un vertedero en su interior, por lo que la suciedad, los malos olores que \u00abperfuman\u00bb el ambiente y los deshechos, que se encuentran muy cerca de [&hellip;]<\/p>\n","protected":false},"author":3,"featured_media":0,"comment_status":"open","ping_status":"open","sticky":false,"template":"","format":"standard","meta":{"footnotes":""},"categories":[22],"tags":[],"class_list":["post-161764","post","type-post","status-publish","format-standard","hentry","category-politica"],"_links":{"self":[{"href":"https:\/\/diariodominicano.com\/index.php?rest_route=\/wp\/v2\/posts\/161764","targetHints":{"allow":["GET"]}}],"collection":[{"href":"https:\/\/diariodominicano.com\/index.php?rest_route=\/wp\/v2\/posts"}],"about":[{"href":"https:\/\/diariodominicano.com\/index.php?rest_route=\/wp\/v2\/types\/post"}],"author":[{"embeddable":true,"href":"https:\/\/diariodominicano.com\/index.php?rest_route=\/wp\/v2\/users\/3"}],"replies":[{"embeddable":true,"href":"https:\/\/diariodominicano.com\/index.php?rest_route=%2Fwp%2Fv2%2Fcomments&post=161764"}],"version-history":[{"count":0,"href":"https:\/\/diariodominicano.com\/index.php?rest_route=\/wp\/v2\/posts\/161764\/revisions"}],"wp:attachment":[{"href":"https:\/\/diariodominicano.com\/index.php?rest_route=%2Fwp%2Fv2%2Fmedia&parent=161764"}],"wp:term":[{"taxonomy":"category","embeddable":true,"href":"https:\/\/diariodominicano.com\/index.php?rest_route=%2Fwp%2Fv2%2Fcategories&post=161764"},{"taxonomy":"post_tag","embeddable":true,"href":"https:\/\/diariodominicano.com\/index.php?rest_route=%2Fwp%2Fv2%2Ftags&post=161764"}],"curies":[{"name":"wp","href":"https:\/\/api.w.org\/{rel}","templated":true}]}}