{"id":161763,"date":"2014-10-28T20:53:16","date_gmt":"2014-10-28T20:53:16","guid":{"rendered":"http:\/\/diariodominicano.ddns.net\/?p=161763"},"modified":"2014-10-28T20:53:16","modified_gmt":"2014-10-28T20:53:16","slug":"fello-subervi-afirma-transformo-la-capital","status":"publish","type":"post","link":"https:\/\/diariodominicano.com\/?p=161763","title":{"rendered":"Fello Suberv\u00ed afirma  transform\u00f3 la capital"},"content":{"rendered":"<p><body><\/p>\n<p><img decoding=\"async\" src=\"http:\/\/localhost:8080\/img3\/Fello.jpg\" \/>  <\/p>\n<p><span class=\"text1noticias\">Santo Domingo, RD, 28 de Octubre.- El aspirante a la alcald\u00eda del Distrito Nacional por el Partido Revolucionario Moderno (PRM) Rafael (Fello) Suberv\u00ed Bonilla afirm\u00f3 que las obras realizadas por su gesti\u00f3n en la sindicatura de Santo Domingo est\u00e1n distribuidas por toda la capital.<\/span><\/p>\n<\/p>\n<p><span class=\"text1noticias\">Suberv\u00ed resalt\u00f3 que sus funciones transformaron la capital, a pesar de que se sustentaban con pocos recursos, manejando solo 28 millones de pesos en un territorio de 1,700 km, y sin embargo no hay un barrio de la ciudad que no tenga una obra construida por su equipo.<\/span><\/p>\n<\/p>\n<p><span class=\"text1noticias\">Entrevistado en el programa \u00abHilando Fino\u00bb conducido por el periodista Salvador Holgu\u00edn de lunes a viernes a las 8:00 AM a trav\u00e9s de Teleradio Am\u00e9rica canal 45, Fello Suberv\u00ed dijo que en su gesti\u00f3n no hubo escandalo \u00e9tico, que por el contrario fue muy pulcra.<\/span><\/p>\n<\/p>\n<p><span class=\"text1noticias\">Se\u00f1al\u00f3 que no fue alcalde del gobierno de turno, como han sido mucho de los s\u00edndicos que han pasado por el Cabildo de la capital, resaltando que es m\u00e1s dif\u00edcil trabajar desde la oposici\u00f3n.<\/span><\/p>\n<\/p>\n<p><span class=\"text1noticias\">En el mismo sentido Suberv\u00ed mencion\u00f3 que los s\u00edndicos han descuidado sus funciones y le han dejado todo el trabajo al gobierno.<\/span><\/p>\n<\/p>\n<p><strong><span class=\"text1noticias\">Aspiraciones Alcalde\t<\/span><\/strong><\/p>\n<\/p>\n<p><span class=\"text1noticias\">Al referirse a sus aspiraciones a la alcald\u00eda del Distrito Nacional Fello Suberv\u00ed manifest\u00f3 que no tiene que vencer a nadie, que m\u00e1s bien es a \u00e9l a quien tienen que superar los dem\u00e1s candidatos, por sus resultados de realizaci\u00f3n, transparencia y eficiencia administrativa.<\/span><\/p>\n<\/p>\n<p><span class=\"text1noticias\">Al preg\u00fantale si su gesti\u00f3n es la mejor que ha pasado por el Ayuntamiento de la Capital, Suberv\u00ed expres\u00f3 que no se auto eval\u00faa, e invit\u00f3 a que sea la ciudadan\u00eda la que decida y mida su trabajo con los que han conducido y los que aspiran a conducir la referida alcald\u00eda.(HG)<\/span>.<\/p>\n<h6> 2014-10-28 20:53:16 <\/h6>\n<p><!--\n<link rel=\"stylesheet\" href=\"css\/bootstrap.min.css\">\n\n\n<ul class=\"pagination\">\n\t    \n\t\n\n<li >\n\t<a href='?page_no=14235'>Previous<\/a>\n\t<\/li>\n\n\n       \n    \n\n<li><a href='?page_no=1'>1<\/a><\/li>\n\n\n\n<li><a href='?page_no=2'>2<\/a><\/li>\n\n\n\n<li><a>...<\/a><\/li>\n\n\n\n<li><a href='?page_no=14234'>14234<\/a><\/li>\n\n\n\n<li><a href='?page_no=14235'>14235<\/a><\/li>\n\n\n\n<li class='active'><a>14236<\/a><\/li>\n\n\n\n<li><a href='?page_no=14237'>14237<\/a><\/li>\n\n\n\n<li><a href='?page_no=14238'>14238<\/a><\/li>\n\n\n\n<li><a>...<\/a><\/li>\n\n\n\n<li><a href='?page_no=36999'>36999<\/a><\/li>\n\n\n\n<li><a href='?page_no=37000'>37000<\/a><\/li>\n\n    \n\t\n\n<li >\n\t<a href='?page_no=14237'>Next<\/a>\n\t<\/li>\n\n\n    \n\n<li><a href='?page_no=37000'>Last &rsaquo;&rsaquo;<\/a><\/li>\n\n<\/ul>\n\n\n--><br \/>\n<\/body><\/p>\n","protected":false},"excerpt":{"rendered":"<p>Santo Domingo, RD, 28 de Octubre.- El aspirante a la alcald\u00eda del Distrito Nacional por el Partido Revolucionario Moderno (PRM) Rafael (Fello) Suberv\u00ed Bonilla afirm\u00f3 que las obras realizadas por su gesti\u00f3n en la sindicatura de Santo Domingo est\u00e1n distribuidas por toda la capital. Suberv\u00ed resalt\u00f3 que sus funciones transformaron la capital, a pesar de [&hellip;]<\/p>\n","protected":false},"author":3,"featured_media":0,"comment_status":"open","ping_status":"open","sticky":false,"template":"","format":"standard","meta":{"footnotes":""},"categories":[22],"tags":[],"class_list":["post-161763","post","type-post","status-publish","format-standard","hentry","category-politica"],"_links":{"self":[{"href":"https:\/\/diariodominicano.com\/index.php?rest_route=\/wp\/v2\/posts\/161763","targetHints":{"allow":["GET"]}}],"collection":[{"href":"https:\/\/diariodominicano.com\/index.php?rest_route=\/wp\/v2\/posts"}],"about":[{"href":"https:\/\/diariodominicano.com\/index.php?rest_route=\/wp\/v2\/types\/post"}],"author":[{"embeddable":true,"href":"https:\/\/diariodominicano.com\/index.php?rest_route=\/wp\/v2\/users\/3"}],"replies":[{"embeddable":true,"href":"https:\/\/diariodominicano.com\/index.php?rest_route=%2Fwp%2Fv2%2Fcomments&post=161763"}],"version-history":[{"count":0,"href":"https:\/\/diariodominicano.com\/index.php?rest_route=\/wp\/v2\/posts\/161763\/revisions"}],"wp:attachment":[{"href":"https:\/\/diariodominicano.com\/index.php?rest_route=%2Fwp%2Fv2%2Fmedia&parent=161763"}],"wp:term":[{"taxonomy":"category","embeddable":true,"href":"https:\/\/diariodominicano.com\/index.php?rest_route=%2Fwp%2Fv2%2Fcategories&post=161763"},{"taxonomy":"post_tag","embeddable":true,"href":"https:\/\/diariodominicano.com\/index.php?rest_route=%2Fwp%2Fv2%2Ftags&post=161763"}],"curies":[{"name":"wp","href":"https:\/\/api.w.org\/{rel}","templated":true}]}}