{"id":161762,"date":"2014-10-29T15:34:22","date_gmt":"2014-10-29T15:34:22","guid":{"rendered":"http:\/\/diariodominicano.ddns.net\/?p=161762"},"modified":"2014-10-29T15:34:22","modified_gmt":"2014-10-29T15:34:22","slug":"el-pld-conmemorara-con-diversos-actos-el-fallecimiento-de-su-lider-profesor-juan-bosch","status":"publish","type":"post","link":"https:\/\/diariodominicano.com\/?p=161762","title":{"rendered":"El PLD conmemorar\u00e1 con diversos actos el fallecimiento de su l\u00edder profesor Juan Bosch&#13;"},"content":{"rendered":"<p><body><\/p>\n<p><img decoding=\"async\" src=\"img3\/juan 29.jpg\" \/><br \/><img decoding=\"async\" src=\"img3\/bossch 29.jpg\" \/>  <\/p>\n<p>Santo Domingo RD 29 octubre.- Con ceremonias religiosas, ofrendas y encuentros de sus dirigentes, el Partido de la Liberaci\u00f3n Dominicana (PLD) conmemorar\u00e1 el pr\u00f3ximo s\u00e1bado el d\u00e9cimo tercer aniversario del fallecimiento del profesor Juan Bosch, fundador de esa organizaci\u00f3n.<\/p>\n<\/p>\n<p>Para las 10 de la ma\u00f1ana del s\u00e1bado est\u00e1 programada una eucarist\u00eda en la Iglesia San Antonio de Padua en el sector de Gazcue, a cargo de Monse\u00f1or Benito \u00c1ngeles.<\/p>\n<\/p>\n<p>Terminada la misa los asistentes se trasladar\u00e1n a la Casa Nacional del PLD, distante a dos cuadras de la parroquia, para participar en un encuentro de recordaci\u00f3n al l\u00edder hist\u00f3rico del PLD.<\/p>\n<\/p>\n<p>A las once de la ma\u00f1ana del s\u00e1bado, en La Vega, se realizar\u00e1 una ofrenda floral en el mausoleo de Bosch en el cementerio ornamental de esa ciudad.<\/p>\n<\/p>\n<p>Desde la Secretar\u00eda General se est\u00e1 invitando a los dirigentes del partido morado a participar en esos actos, que son organizados por una comisi\u00f3n especial que coordina Cristina Lizardo, integrante del Comit\u00e9 Pol\u00edtico del PLD y presidenta del Senado de la Rep\u00fablica.<\/p>\n<\/p>\n<p>Juan Bosch naci\u00f3 el 30 de junio de 1909 y falleci\u00f3 el 1 de noviembre del 2001. Su velatorio y acto de sepelio se registra en la historia reciente, como una de las actividades de mayor participaci\u00f3n popular.<\/p>\n<p>Su cuerpo fue sepultado en La Vega, ciudad que le vio nacer, cumpliendo as\u00ed una voluntad suya manifestada a sus familiares.<\/p>\n<h6> 2014-10-29 15:34:22 <\/h6>\n<p><!--\n<link rel=\"stylesheet\" href=\"css\/bootstrap.min.css\">\n\n\n<ul class=\"pagination\">\n\t    \n\t\n\n<li >\n\t<a href='?page_no=14234'>Previous<\/a>\n\t<\/li>\n\n\n       \n    \n\n<li><a href='?page_no=1'>1<\/a><\/li>\n\n\n\n<li><a href='?page_no=2'>2<\/a><\/li>\n\n\n\n<li><a>...<\/a><\/li>\n\n\n\n<li><a href='?page_no=14233'>14233<\/a><\/li>\n\n\n\n<li><a href='?page_no=14234'>14234<\/a><\/li>\n\n\n\n<li class='active'><a>14235<\/a><\/li>\n\n\n\n<li><a href='?page_no=14236'>14236<\/a><\/li>\n\n\n\n<li><a href='?page_no=14237'>14237<\/a><\/li>\n\n\n\n<li><a>...<\/a><\/li>\n\n\n\n<li><a href='?page_no=36999'>36999<\/a><\/li>\n\n\n\n<li><a href='?page_no=37000'>37000<\/a><\/li>\n\n    \n\t\n\n<li >\n\t<a href='?page_no=14236'>Next<\/a>\n\t<\/li>\n\n\n    \n\n<li><a href='?page_no=37000'>Last &rsaquo;&rsaquo;<\/a><\/li>\n\n<\/ul>\n\n\n--><br \/>\n<\/body><\/p>\n","protected":false},"excerpt":{"rendered":"<p>Santo Domingo RD 29 octubre.- Con ceremonias religiosas, ofrendas y encuentros de sus dirigentes, el Partido de la Liberaci\u00f3n Dominicana (PLD) conmemorar\u00e1 el pr\u00f3ximo s\u00e1bado el d\u00e9cimo tercer aniversario del fallecimiento del profesor Juan Bosch, fundador de esa organizaci\u00f3n. Para las 10 de la ma\u00f1ana del s\u00e1bado est\u00e1 programada una eucarist\u00eda en la Iglesia San [&hellip;]<\/p>\n","protected":false},"author":3,"featured_media":0,"comment_status":"open","ping_status":"open","sticky":false,"template":"","format":"standard","meta":{"footnotes":""},"categories":[22],"tags":[],"class_list":["post-161762","post","type-post","status-publish","format-standard","hentry","category-politica"],"_links":{"self":[{"href":"https:\/\/diariodominicano.com\/index.php?rest_route=\/wp\/v2\/posts\/161762","targetHints":{"allow":["GET"]}}],"collection":[{"href":"https:\/\/diariodominicano.com\/index.php?rest_route=\/wp\/v2\/posts"}],"about":[{"href":"https:\/\/diariodominicano.com\/index.php?rest_route=\/wp\/v2\/types\/post"}],"author":[{"embeddable":true,"href":"https:\/\/diariodominicano.com\/index.php?rest_route=\/wp\/v2\/users\/3"}],"replies":[{"embeddable":true,"href":"https:\/\/diariodominicano.com\/index.php?rest_route=%2Fwp%2Fv2%2Fcomments&post=161762"}],"version-history":[{"count":0,"href":"https:\/\/diariodominicano.com\/index.php?rest_route=\/wp\/v2\/posts\/161762\/revisions"}],"wp:attachment":[{"href":"https:\/\/diariodominicano.com\/index.php?rest_route=%2Fwp%2Fv2%2Fmedia&parent=161762"}],"wp:term":[{"taxonomy":"category","embeddable":true,"href":"https:\/\/diariodominicano.com\/index.php?rest_route=%2Fwp%2Fv2%2Fcategories&post=161762"},{"taxonomy":"post_tag","embeddable":true,"href":"https:\/\/diariodominicano.com\/index.php?rest_route=%2Fwp%2Fv2%2Ftags&post=161762"}],"curies":[{"name":"wp","href":"https:\/\/api.w.org\/{rel}","templated":true}]}}