{"id":161761,"date":"2014-10-29T17:50:03","date_gmt":"2014-10-29T17:50:03","guid":{"rendered":"http:\/\/diariodominicano.ddns.net\/?p=161761"},"modified":"2014-10-29T17:50:03","modified_gmt":"2014-10-29T17:50:03","slug":"falpo-se-desliga-de-muerto-y-herido-durante-huelga-en-esperanza","status":"publish","type":"post","link":"https:\/\/diariodominicano.com\/?p=161761","title":{"rendered":"&#13;Falpo se desliga de muerto y herido durante huelga en Esperanza"},"content":{"rendered":"<p><body><\/p>\n<p><img decoding=\"async\" src=\"img3\/dirigentefalpo.jpg\" \/><br \/><img decoding=\"async\" src=\"img3\/agentesfalpo.jpg\" \/><br \/><img decoding=\"async\" src=\"img3\/movilizacion.jpg\" \/>  <\/p>\n<\/p>\n<\/p>\n<\/p>\n<p><span class=\"text1noticias\">Municipio de Esperanza, Valverde, R.D, 29 de octubre-  El Frente Amplio de Lucha Popular (FALPO) se deslig\u00f3 de la muerte del ciudadano Apolinar D\u00edaz y de las heridas al joven Rigoberto Luna, hechos ocurridos a primeras horas de este mi\u00e9rcoles en el sector Cruce de Esperanza, tras ser interceptados a tiros cuando se dirig\u00edan desde el Distrito Municipal de Maizal al Parque Industrial Zona Franca de Esperanza.<\/span><\/p>\n<\/p>\n<p><span class=\"text1noticias\">Rub\u00e9n Mercado, vocero del FALPO, dijo que esa organizaci\u00f3n \u00abno tiene nada que ver\u00bb con la muerte de Apolinar D\u00edaz,  al mismo tiempo que exigi\u00f3 una investigaci\u00f3n para que se esclarezca el hecho y los culpables sean sometidos a la justicia.<\/span><\/p>\n<\/p>\n<p><span class=\"text1noticias\">\u00abNo podemos acusar a nadie directamente, porque no est\u00e1bamos all\u00ed, pero residentes en el sector Cruce de Esperanza dan cuenta que uniformados de la Polic\u00eda Nacional y del Ej\u00e9rcito mandaron a parar a Apolinar D\u00edaz, quien muri\u00f3, y su acompa\u00f1ante, que result\u00f3 herido, al no detenerse\u00bb, expres\u00f3 Mercado.<\/span><\/p>\n<\/p>\n<p><span class=\"text1noticias\">Apolinar D\u00edaz, de 45 a\u00f1os, se desempe\u00f1aba como Agente de la Direcci\u00f3n de Aduanas (DGA) y se dirig\u00eda desde el Distrito Municipal de Maizal a la Zona Franca de Esperanza, donde laboraba.<\/span><\/p>\n<\/p>\n<p><span class=\"text1noticias\">El portavoz del FALPO en la L\u00ednea Noroeste indic\u00f3 que polic\u00edas est\u00e1n arremetiendo en distintos barrios de Esperanza, mientras que equipos del denominado  \u00abBatall\u00f3n Comunitario\u00bb, al que calific\u00f3 de banda parapolicial, se est\u00e1 moviliza por toda la ciudad en veh\u00edculos privados, amenazando a los pobladores con \u00abdarle pa?bajo\u00bb a quien proteste.<\/span><\/p>\n<\/p>\n<p><span class=\"text1noticias\">Decenas de organizaciones encabezadas por el FALPO, llamaron a un paro municipal por 24 horas en Esperanza, el cual se cumple de manera total en el comercio, el transporte de pasajeros urbano e interurbano y las labores educativas en las escuelas y colegios privados.<\/span><\/p>\n<\/p>\n<p><span class=\"text1noticias\">El paro de actividades es contra la corrupci\u00f3n en el Ayuntamiento Municipal y cumplimiento de la Ley de Presupuesto participativo; por mejores atenciones de salud y servicio de ambulancia gratuito; construcci\u00f3n de aceras y contenes, cancha deportiva, sistema pluvial y obras comunitarias; aumento general de salario, incluyendo guardias y polic\u00edas; nombramientos de profesores en Tanda Extendida;<\/span><\/p>\n<\/p>\n<p><span class=\"text1noticias\">Demandan tambi\u00e9n servicio de energ\u00eda el\u00e9ctrica 24 horas en todo el municipio de Esperanza; la declaraci\u00f3n de Loma Miranda Parque Nacional y no explotaci\u00f3n de las minas de oro en Restauraci\u00f3n, San Juan de la Maguana y otros puntos de la Cordillera Central, entre otras reivindicaciones.<\/span><\/p>\n<\/p>\n<p><span class=\"text1noticias\">Rub\u00e9n Mercado llam\u00f3 al pueblo de Esperanza a no dejarse provocar por los \u00abinfiltrados del Gobierno\u00bb y critic\u00f3 la indiferencia de las Autoridades locales, provinciales y del Gobierno, que siempre responde enviando contingentes de la Guardia y la Polic\u00eda para reprimir, pero no para dialogar y atender los reclamos.<\/span><\/p>\n<\/p>\n<p><span class=\"text1noticias\">Inform\u00f3 que en el transcurso del d\u00eda m\u00e1s de 15 organizaciones se reunir\u00e1n para decidir si extienden el paro a 48 horas, en caso de que el Gobernador Provincial, Domingo Col\u00f3n, y el Senador de la provincia Valverde, Manuel de Jes\u00fas Guichardo, no se re\u00fanan con el pueblo y se comprometan a cumplir el pliego de demandas.<\/span><\/p>\n<h6> 2014-10-29 17:50:03 <\/h6>\n<p><!--\n<link rel=\"stylesheet\" href=\"css\/bootstrap.min.css\">\n\n\n<ul class=\"pagination\">\n\t    \n\t\n\n<li >\n\t<a href='?page_no=14233'>Previous<\/a>\n\t<\/li>\n\n\n       \n    \n\n<li><a href='?page_no=1'>1<\/a><\/li>\n\n\n\n<li><a href='?page_no=2'>2<\/a><\/li>\n\n\n\n<li><a>...<\/a><\/li>\n\n\n\n<li><a href='?page_no=14232'>14232<\/a><\/li>\n\n\n\n<li><a href='?page_no=14233'>14233<\/a><\/li>\n\n\n\n<li class='active'><a>14234<\/a><\/li>\n\n\n\n<li><a href='?page_no=14235'>14235<\/a><\/li>\n\n\n\n<li><a href='?page_no=14236'>14236<\/a><\/li>\n\n\n\n<li><a>...<\/a><\/li>\n\n\n\n<li><a href='?page_no=36999'>36999<\/a><\/li>\n\n\n\n<li><a href='?page_no=37000'>37000<\/a><\/li>\n\n    \n\t\n\n<li >\n\t<a href='?page_no=14235'>Next<\/a>\n\t<\/li>\n\n\n    \n\n<li><a href='?page_no=37000'>Last &rsaquo;&rsaquo;<\/a><\/li>\n\n<\/ul>\n\n\n--><br \/>\n<\/body><\/p>\n","protected":false},"excerpt":{"rendered":"<p>Municipio de Esperanza, Valverde, R.D, 29 de octubre- El Frente Amplio de Lucha Popular (FALPO) se deslig\u00f3 de la muerte del ciudadano Apolinar D\u00edaz y de las heridas al joven Rigoberto Luna, hechos ocurridos a primeras horas de este mi\u00e9rcoles en el sector Cruce de Esperanza, tras ser interceptados a tiros cuando se dirig\u00edan desde [&hellip;]<\/p>\n","protected":false},"author":3,"featured_media":0,"comment_status":"open","ping_status":"open","sticky":false,"template":"","format":"standard","meta":{"footnotes":""},"categories":[22],"tags":[],"class_list":["post-161761","post","type-post","status-publish","format-standard","hentry","category-politica"],"_links":{"self":[{"href":"https:\/\/diariodominicano.com\/index.php?rest_route=\/wp\/v2\/posts\/161761","targetHints":{"allow":["GET"]}}],"collection":[{"href":"https:\/\/diariodominicano.com\/index.php?rest_route=\/wp\/v2\/posts"}],"about":[{"href":"https:\/\/diariodominicano.com\/index.php?rest_route=\/wp\/v2\/types\/post"}],"author":[{"embeddable":true,"href":"https:\/\/diariodominicano.com\/index.php?rest_route=\/wp\/v2\/users\/3"}],"replies":[{"embeddable":true,"href":"https:\/\/diariodominicano.com\/index.php?rest_route=%2Fwp%2Fv2%2Fcomments&post=161761"}],"version-history":[{"count":0,"href":"https:\/\/diariodominicano.com\/index.php?rest_route=\/wp\/v2\/posts\/161761\/revisions"}],"wp:attachment":[{"href":"https:\/\/diariodominicano.com\/index.php?rest_route=%2Fwp%2Fv2%2Fmedia&parent=161761"}],"wp:term":[{"taxonomy":"category","embeddable":true,"href":"https:\/\/diariodominicano.com\/index.php?rest_route=%2Fwp%2Fv2%2Fcategories&post=161761"},{"taxonomy":"post_tag","embeddable":true,"href":"https:\/\/diariodominicano.com\/index.php?rest_route=%2Fwp%2Fv2%2Ftags&post=161761"}],"curies":[{"name":"wp","href":"https:\/\/api.w.org\/{rel}","templated":true}]}}