{"id":161760,"date":"2014-10-29T18:07:50","date_gmt":"2014-10-29T18:07:50","guid":{"rendered":"http:\/\/diariodominicano.ddns.net\/?p=161760"},"modified":"2014-10-29T18:07:50","modified_gmt":"2014-10-29T18:07:50","slug":"francisco-javier-aboga-por-igualdad-social","status":"publish","type":"post","link":"https:\/\/diariodominicano.com\/?p=161760","title":{"rendered":"&#13;&#13;&#13;Francisco Javier aboga por igualdad social"},"content":{"rendered":"<p><body><\/p>\n<\/p>\n<p>Santo Domingo, RD, 29 de octubre.-El precandidato presidencial del Partido de la Liberaci\u00f3n Dominicana, Francisco Javier Garc\u00eda, dijo que los dominicanos, sin importar la condici\u00f3n econ\u00f3mica, son todos iguales en derecho, como lo dice la Constituci\u00f3n de la Rep\u00fablica y se\u00f1al\u00f3 que los pobres, al igual que los ricos, tienen derecho al progreso y a vivir con dignidad.<\/p>\n<\/p>\n<p>Se quej\u00f3 igualmente de la falta de atenci\u00f3n de la direcci\u00f3n del PLD con las bases peledeistas, las cuales merecen un mejor trato. <\/p>\n<\/p>\n<p>\u00a8Las bases son las responsables de los triunfos, de las victorias electorales del PLD, son las que buscan los votos hasta debajo de las piedras\u00bb, subray\u00f3. <\/p>\n<\/p>\n<p>El estratega pol\u00edtico expres\u00f3 que su proyecto pol\u00edtico se dirige por un camino seguro hacia la victoria a lo interno del Partido de la Liberaci\u00f3n Dominicana. \u00abAs\u00ed como Leonel Fern\u00e1ndez le cambi\u00f3 el rostro al pa\u00eds, Danilo le est\u00e1 cambiando el rostro a la gente, nosotros vamos a cambiar el rostro a las bases del Partido de la Liberaci\u00f3n Dominicana\u00bb, afirma.<\/p>\n<\/p>\n<p>Javier Garc\u00eda lament\u00f3 las malas condiciones de vida entre los moradores de la mayor\u00eda de los barrios del pa\u00eds.<\/p>\n<\/p>\n<p>Cit\u00f3 el caso de los Girasoles, Los Peralejos y Palma Real, al oeste de Santo Domingo, barrios cuyas polvorientas calles recorri\u00f3 a pie, y prometi\u00f3 gestionar ante las autoridades correspondientes su pavimentaci\u00f3n y arreglo.<\/p>\n<\/p>\n<p>Al proclamar que ser\u00e1 el candidato presidencial del PLD y seguro ganador de las elecciones de mayo del 2016, asegur\u00f3 que \u00able dar\u00e9 un golpe mortal a la pobreza en los barrios de la Rep\u00fablica Dominicana, una vez sea presidente\u00bb.<\/p>\n<\/p>\n<p>Manifest\u00f3 que el progreso no le est\u00e1 llegando a los m\u00e1s pobres del pa\u00eds, por lo que prometi\u00f3 la implementaci\u00f3n de un programa de trabajo hacia el interior de los barrios con la creaci\u00f3n de empleos, la construcci\u00f3n de viviendas a bajos costos y el mejoramiento de otras.<\/p>\n<\/p>\n<p>Expres\u00f3 que, a partir del 2016 cuando asuma la presidencia de la Rep\u00fablica, emprender\u00e1 el levantamiento y desarrollo de clubes culturales y de polideportivos.<\/p>\n<\/p>\n<p>\u00a8Continuaremos la mejor\u00eda de la educaci\u00f3n, como lo est\u00e1 haciendo el presidente Danilo Medina, para que los j\u00f3venes progresen y se alejen de los vicios y la delincuencia\u00a8, agreg\u00f3.<\/p>\n<h6> 2014-10-29 18:07:50 <\/h6>\n<p><!--\n<link rel=\"stylesheet\" href=\"css\/bootstrap.min.css\">\n\n\n<ul class=\"pagination\">\n\t    \n\t\n\n<li >\n\t<a href='?page_no=14232'>Previous<\/a>\n\t<\/li>\n\n\n       \n    \n\n<li><a href='?page_no=1'>1<\/a><\/li>\n\n\n\n<li><a href='?page_no=2'>2<\/a><\/li>\n\n\n\n<li><a>...<\/a><\/li>\n\n\n\n<li><a href='?page_no=14231'>14231<\/a><\/li>\n\n\n\n<li><a href='?page_no=14232'>14232<\/a><\/li>\n\n\n\n<li class='active'><a>14233<\/a><\/li>\n\n\n\n<li><a href='?page_no=14234'>14234<\/a><\/li>\n\n\n\n<li><a href='?page_no=14235'>14235<\/a><\/li>\n\n\n\n<li><a>...<\/a><\/li>\n\n\n\n<li><a href='?page_no=36999'>36999<\/a><\/li>\n\n\n\n<li><a href='?page_no=37000'>37000<\/a><\/li>\n\n    \n\t\n\n<li >\n\t<a href='?page_no=14234'>Next<\/a>\n\t<\/li>\n\n\n    \n\n<li><a href='?page_no=37000'>Last &rsaquo;&rsaquo;<\/a><\/li>\n\n<\/ul>\n\n\n--><br \/>\n<\/body><\/p>\n","protected":false},"excerpt":{"rendered":"<p>Santo Domingo, RD, 29 de octubre.-El precandidato presidencial del Partido de la Liberaci\u00f3n Dominicana, Francisco Javier Garc\u00eda, dijo que los dominicanos, sin importar la condici\u00f3n econ\u00f3mica, son todos iguales en derecho, como lo dice la Constituci\u00f3n de la Rep\u00fablica y se\u00f1al\u00f3 que los pobres, al igual que los ricos, tienen derecho al progreso y a [&hellip;]<\/p>\n","protected":false},"author":3,"featured_media":0,"comment_status":"open","ping_status":"open","sticky":false,"template":"","format":"standard","meta":{"footnotes":""},"categories":[22],"tags":[],"class_list":["post-161760","post","type-post","status-publish","format-standard","hentry","category-politica"],"_links":{"self":[{"href":"https:\/\/diariodominicano.com\/index.php?rest_route=\/wp\/v2\/posts\/161760","targetHints":{"allow":["GET"]}}],"collection":[{"href":"https:\/\/diariodominicano.com\/index.php?rest_route=\/wp\/v2\/posts"}],"about":[{"href":"https:\/\/diariodominicano.com\/index.php?rest_route=\/wp\/v2\/types\/post"}],"author":[{"embeddable":true,"href":"https:\/\/diariodominicano.com\/index.php?rest_route=\/wp\/v2\/users\/3"}],"replies":[{"embeddable":true,"href":"https:\/\/diariodominicano.com\/index.php?rest_route=%2Fwp%2Fv2%2Fcomments&post=161760"}],"version-history":[{"count":0,"href":"https:\/\/diariodominicano.com\/index.php?rest_route=\/wp\/v2\/posts\/161760\/revisions"}],"wp:attachment":[{"href":"https:\/\/diariodominicano.com\/index.php?rest_route=%2Fwp%2Fv2%2Fmedia&parent=161760"}],"wp:term":[{"taxonomy":"category","embeddable":true,"href":"https:\/\/diariodominicano.com\/index.php?rest_route=%2Fwp%2Fv2%2Fcategories&post=161760"},{"taxonomy":"post_tag","embeddable":true,"href":"https:\/\/diariodominicano.com\/index.php?rest_route=%2Fwp%2Fv2%2Ftags&post=161760"}],"curies":[{"name":"wp","href":"https:\/\/api.w.org\/{rel}","templated":true}]}}