{"id":161759,"date":"2014-10-29T19:08:28","date_gmt":"2014-10-29T19:08:28","guid":{"rendered":"http:\/\/diariodominicano.ddns.net\/?p=161759"},"modified":"2014-10-29T19:08:28","modified_gmt":"2014-10-29T19:08:28","slug":"miguel-max-y-minou-favorecen-transparencia-en-reforma-electoral","status":"publish","type":"post","link":"https:\/\/diariodominicano.com\/?p=161759","title":{"rendered":"&#13;Miguel, Max y Minou favorecen transparencia en reforma electoral"},"content":{"rendered":"<p><body><\/p>\n<p><img decoding=\"async\" src=\"img3\/vaargaspuix.jpg\" \/>  <\/p>\n<\/p>\n<\/p>\n<p>Santo Domingo, RD, 29 de octubre.- Los presidentes de los partidos Revolucionario Dominicano (PRD), Miguel Vargas; Alianza por la Democracia, Max Puig, y la diputada independiente Minou Tav\u00e1rez Mirabal  anunciaron este mi\u00e9rcoles que defender\u00e1n los puntos de la reforma electoral y de partidos pol\u00edticos que garanticen la celebraci\u00f3n de elecciones transparentes y justas.<\/p>\n<\/p>\n<p>Vargas, Puig y Tav\u00e1rez  Mirabal conversaron en privado durante m\u00e1s de una hora, y luego dieron a conocer sus posiciones a los medios informativos en rueda de prensa ofrecida en el sal\u00f3n de reuniones de la Comisi\u00f3n Pol\u00edtica de la casa nacional del PRD.<\/p>\n<\/p>\n<p>Vargas, quien expres\u00f3 su complacencia por la visita de Puig y Tav\u00e1rez Mirabal, dijo que la organizaci\u00f3n que preside ha librado una larga lucha por hacer de la reforma electoral y de partidos que cursa en el Congreso Nacional un instrumento que contribuya a robustecer el sistema democr\u00e1tico.<\/p>\n<\/p>\n<p>El tambi\u00e9n candidato presidencial perrede\u00edsta inform\u00f3 que por eso el PRD fue el primer partido que present\u00f3 al Congreso un Proyecto de Ley en ese sentido, y que impulsando esa reforma ha visitado a los dem\u00e1s partidos reconocidos, a la sociedad civil, incluyendo la c\u00fapula empresarial, y a las iglesias.   <\/p>\n<\/p>\n<p>Dijo que el PRD recog\u00eda una petici\u00f3n especial de sus visitantes en el sentido de que la reforma electoral y pol\u00edtica asegure los derechos de los partidos minoritarios, especialmente los que no tienen representaci\u00f3n congresual.<\/p>\n<\/p>\n<p>Tanto Puig como Tav\u00e1rez Mirabal expresaron la necesidad de construir un consenso entre los partidos, el Congreso y la sociedad alrededor de las reformas en discusi\u00f3n, para evitar que no se convierta en un traje a la medida de los intereses de un solo partido, en alusi\u00f3n al gobernante Partido de la Liberaci\u00f3n Dominicana, que cuenta con amplia mayor\u00eda congresual.<\/p>\n<\/p>\n<p>\u00abDe no ser una reforma consensuada y que asegure transparencia e igualdad para todos los partidos, estar\u00edamos ante un retroceso de los avances que en sentido general se han venido logrando en nuestra sociedad\u00bb, precisaron.<\/p>\n<\/p>\n<p> Ambos dirigentes agradecieron la receptividad del presidente y candidato presidencial del PRD, y el ambiente de cordialidad con que fueron recibidos en la casa nacional perrede\u00edsta.<\/p>\n<\/p>\n<p>Vargas estuvo acompa\u00f1ado por Salim Ibarra, quien coordina la comisi\u00f3n pro reforma de partidos pol\u00edticos del PRD; V\u00edctor G\u00f3mez Casanova, director de Comunicaciones y miembro de la comisi\u00f3n de partidos pol\u00edticos en la C\u00e1mara de Diputados; Peggy Cabral, presidenta en Funciones; Julio Mar\u00ed\u00f1ez, presidente de la Comisi\u00f3n de Control; Wilfredo Alemany, secretario de Comunicaciones; Mary S\u00e1nchez, presidenta de la Fedomusde, y Janet Camilo, secretaria de Cooperaci\u00f3n Internacional.<\/p>\n<h6> 2014-10-29 19:08:28 <\/h6>\n<p><!--\n<link rel=\"stylesheet\" href=\"css\/bootstrap.min.css\">\n\n\n<ul class=\"pagination\">\n\t    \n\t\n\n<li >\n\t<a href='?page_no=14231'>Previous<\/a>\n\t<\/li>\n\n\n       \n    \n\n<li><a href='?page_no=1'>1<\/a><\/li>\n\n\n\n<li><a href='?page_no=2'>2<\/a><\/li>\n\n\n\n<li><a>...<\/a><\/li>\n\n\n\n<li><a href='?page_no=14230'>14230<\/a><\/li>\n\n\n\n<li><a href='?page_no=14231'>14231<\/a><\/li>\n\n\n\n<li class='active'><a>14232<\/a><\/li>\n\n\n\n<li><a href='?page_no=14233'>14233<\/a><\/li>\n\n\n\n<li><a href='?page_no=14234'>14234<\/a><\/li>\n\n\n\n<li><a>...<\/a><\/li>\n\n\n\n<li><a href='?page_no=36999'>36999<\/a><\/li>\n\n\n\n<li><a href='?page_no=37000'>37000<\/a><\/li>\n\n    \n\t\n\n<li >\n\t<a href='?page_no=14233'>Next<\/a>\n\t<\/li>\n\n\n    \n\n<li><a href='?page_no=37000'>Last &rsaquo;&rsaquo;<\/a><\/li>\n\n<\/ul>\n\n\n--><br \/>\n<\/body><\/p>\n","protected":false},"excerpt":{"rendered":"<p>Santo Domingo, RD, 29 de octubre.- Los presidentes de los partidos Revolucionario Dominicano (PRD), Miguel Vargas; Alianza por la Democracia, Max Puig, y la diputada independiente Minou Tav\u00e1rez Mirabal anunciaron este mi\u00e9rcoles que defender\u00e1n los puntos de la reforma electoral y de partidos pol\u00edticos que garanticen la celebraci\u00f3n de elecciones transparentes y justas. Vargas, Puig [&hellip;]<\/p>\n","protected":false},"author":3,"featured_media":0,"comment_status":"open","ping_status":"open","sticky":false,"template":"","format":"standard","meta":{"footnotes":""},"categories":[22],"tags":[],"class_list":["post-161759","post","type-post","status-publish","format-standard","hentry","category-politica"],"_links":{"self":[{"href":"https:\/\/diariodominicano.com\/index.php?rest_route=\/wp\/v2\/posts\/161759","targetHints":{"allow":["GET"]}}],"collection":[{"href":"https:\/\/diariodominicano.com\/index.php?rest_route=\/wp\/v2\/posts"}],"about":[{"href":"https:\/\/diariodominicano.com\/index.php?rest_route=\/wp\/v2\/types\/post"}],"author":[{"embeddable":true,"href":"https:\/\/diariodominicano.com\/index.php?rest_route=\/wp\/v2\/users\/3"}],"replies":[{"embeddable":true,"href":"https:\/\/diariodominicano.com\/index.php?rest_route=%2Fwp%2Fv2%2Fcomments&post=161759"}],"version-history":[{"count":0,"href":"https:\/\/diariodominicano.com\/index.php?rest_route=\/wp\/v2\/posts\/161759\/revisions"}],"wp:attachment":[{"href":"https:\/\/diariodominicano.com\/index.php?rest_route=%2Fwp%2Fv2%2Fmedia&parent=161759"}],"wp:term":[{"taxonomy":"category","embeddable":true,"href":"https:\/\/diariodominicano.com\/index.php?rest_route=%2Fwp%2Fv2%2Fcategories&post=161759"},{"taxonomy":"post_tag","embeddable":true,"href":"https:\/\/diariodominicano.com\/index.php?rest_route=%2Fwp%2Fv2%2Ftags&post=161759"}],"curies":[{"name":"wp","href":"https:\/\/api.w.org\/{rel}","templated":true}]}}