{"id":161757,"date":"2014-10-29T19:29:51","date_gmt":"2014-10-29T19:29:51","guid":{"rendered":"http:\/\/diariodominicano.ddns.net\/?p=161757"},"modified":"2014-10-29T19:29:51","modified_gmt":"2014-10-29T19:29:51","slug":"pld-junto-a-ocoenos-pide-construccion-de-la-carretera-sabana-larga-rancho-arriba-juan-adrian","status":"publish","type":"post","link":"https:\/\/diariodominicano.com\/?p=161757","title":{"rendered":"&#13;&#13; PLD junto a ocoe\u00f1os pide  construcci\u00f3n de la Carretera Sabana Larga-Rancho Arriba-Juan Adri\u00e1n"},"content":{"rendered":"<p><body><\/p>\n<p><img decoding=\"async\" src=\"img3\/mordan.jpg\" \/>  <\/p>\n<p><span class=\"text1noticias\"> <\/span><\/p>\n<p><span class=\"text1noticias\">Santo Domingo, RD, 29 de octubre.- Para San Jos\u00e9 de Ocoa es m\u00e1s que perentorio que se construya la carretera Sabana Larga-Rancho Arriba-Juan Adri\u00e1n, una v\u00eda que se espera con ansias porque facilitar\u00e1 el desarrollo econ\u00f3mico de la provincia dado el alto nivel productivo de la zona, que requiere v\u00edas en buenas condiciones.<\/span><\/p>\n<p><span class=\"text1noticias\"> <\/span><\/p>\n<p><span class=\"text1noticias\">La petici\u00f3n, a nombre de la comunidad, la hizo Jos\u00e9 Ram\u00f3n Mord\u00e1n, Presidente Provincial del Partido de la Liberaci\u00f3n Dominicana, organizaci\u00f3n que respalda la petici\u00f3n comunitaria porque se traducir\u00e1 en beneficio de las comunidades y su desarrollo econ\u00f3mico.<\/span><\/p>\n<p><span class=\"text1noticias\"> <\/span><\/p>\n<p><span class=\"text1noticias\">\u00abEsa carretera viene a coronar la gran obra que se consigui\u00f3 al construirse la carretera que lleva al municipio cabecera desde el cruce con la carretera S\u00e1nchez.\u00bb precis\u00f3 Mord\u00e1n en un dialogo sostenido con la redacci\u00f3n de Vanguardia del Pueblo, que se publica en el portal www.vanguardiadelpueblo.do., inform\u00f3 en su entrevista que en una reuni\u00f3n con el Consejo de Desarrollo el Senador, Carlos Castillo, dijo de que la carretera se incluy\u00f3 en el presupuesto del pr\u00f3ximo a\u00f1o , lo que   ha llenado de regocijo a los lugare\u00f1os.<\/span><\/p>\n<p><span class=\"text1noticias\"> <\/span><\/p>\n<p><span class=\"text1noticias\">\u00abTodos los sectores se han unificado para pedir que se construya la carretera. Su construcci\u00f3n es un clamor, una necesidad, m\u00e1s que perentoria\u00bb, dice el Presidente provincial del PLD, interpretando el sentir de los peledeistas y comunitarios.<\/span><\/p>\n<p><span class=\"text1noticias\"> <\/span><\/p>\n<p><span class=\"text1noticias\">El dirigente pelede\u00edsta defiende la necesidad de la construcci\u00f3n de la carretera para seguir incentivando el desarrollo agr\u00edcola,<\/span><\/p>\n<p><span class=\"text1noticias\"> <\/span><\/p>\n<p><span class=\"text1noticias\">Jos\u00e9 Ram\u00f3n Mord\u00e1n  inform\u00f3 que la obra se completa con la construcci\u00f3n de la carretera Sabana Larga ? Rancho Arriba ? Juan Adri\u00e1n  y el reacondicionamiento de los caminos vecinales, deteriorados por las  lluvias y el tiempo.<\/span><\/p>\n<h6> 2014-10-29 19:29:51 <\/h6>\n<p><!--\n<link rel=\"stylesheet\" href=\"css\/bootstrap.min.css\">\n\n\n<ul class=\"pagination\">\n\t    \n\t\n\n<li >\n\t<a href='?page_no=14229'>Previous<\/a>\n\t<\/li>\n\n\n       \n    \n\n<li><a href='?page_no=1'>1<\/a><\/li>\n\n\n\n<li><a href='?page_no=2'>2<\/a><\/li>\n\n\n\n<li><a>...<\/a><\/li>\n\n\n\n<li><a href='?page_no=14228'>14228<\/a><\/li>\n\n\n\n<li><a href='?page_no=14229'>14229<\/a><\/li>\n\n\n\n<li class='active'><a>14230<\/a><\/li>\n\n\n\n<li><a href='?page_no=14231'>14231<\/a><\/li>\n\n\n\n<li><a href='?page_no=14232'>14232<\/a><\/li>\n\n\n\n<li><a>...<\/a><\/li>\n\n\n\n<li><a href='?page_no=36999'>36999<\/a><\/li>\n\n\n\n<li><a href='?page_no=37000'>37000<\/a><\/li>\n\n    \n\t\n\n<li >\n\t<a href='?page_no=14231'>Next<\/a>\n\t<\/li>\n\n\n    \n\n<li><a href='?page_no=37000'>Last &rsaquo;&rsaquo;<\/a><\/li>\n\n<\/ul>\n\n\n--><br \/>\n<\/body><\/p>\n","protected":false},"excerpt":{"rendered":"<p>Santo Domingo, RD, 29 de octubre.- Para San Jos\u00e9 de Ocoa es m\u00e1s que perentorio que se construya la carretera Sabana Larga-Rancho Arriba-Juan Adri\u00e1n, una v\u00eda que se espera con ansias porque facilitar\u00e1 el desarrollo econ\u00f3mico de la provincia dado el alto nivel productivo de la zona, que requiere v\u00edas en buenas condiciones. La petici\u00f3n, [&hellip;]<\/p>\n","protected":false},"author":3,"featured_media":0,"comment_status":"open","ping_status":"open","sticky":false,"template":"","format":"standard","meta":{"footnotes":""},"categories":[22],"tags":[],"class_list":["post-161757","post","type-post","status-publish","format-standard","hentry","category-politica"],"_links":{"self":[{"href":"https:\/\/diariodominicano.com\/index.php?rest_route=\/wp\/v2\/posts\/161757","targetHints":{"allow":["GET"]}}],"collection":[{"href":"https:\/\/diariodominicano.com\/index.php?rest_route=\/wp\/v2\/posts"}],"about":[{"href":"https:\/\/diariodominicano.com\/index.php?rest_route=\/wp\/v2\/types\/post"}],"author":[{"embeddable":true,"href":"https:\/\/diariodominicano.com\/index.php?rest_route=\/wp\/v2\/users\/3"}],"replies":[{"embeddable":true,"href":"https:\/\/diariodominicano.com\/index.php?rest_route=%2Fwp%2Fv2%2Fcomments&post=161757"}],"version-history":[{"count":0,"href":"https:\/\/diariodominicano.com\/index.php?rest_route=\/wp\/v2\/posts\/161757\/revisions"}],"wp:attachment":[{"href":"https:\/\/diariodominicano.com\/index.php?rest_route=%2Fwp%2Fv2%2Fmedia&parent=161757"}],"wp:term":[{"taxonomy":"category","embeddable":true,"href":"https:\/\/diariodominicano.com\/index.php?rest_route=%2Fwp%2Fv2%2Fcategories&post=161757"},{"taxonomy":"post_tag","embeddable":true,"href":"https:\/\/diariodominicano.com\/index.php?rest_route=%2Fwp%2Fv2%2Ftags&post=161757"}],"curies":[{"name":"wp","href":"https:\/\/api.w.org\/{rel}","templated":true}]}}