{"id":161755,"date":"2014-10-29T20:19:57","date_gmt":"2014-10-29T20:19:57","guid":{"rendered":"http:\/\/diariodominicano.ddns.net\/?p=161755"},"modified":"2014-10-29T20:19:57","modified_gmt":"2014-10-29T20:19:57","slug":"belarminio-ramirez-dice-vientos-soplan-a-favor-de-danilo-medina","status":"publish","type":"post","link":"https:\/\/diariodominicano.com\/?p=161755","title":{"rendered":"Belarminio Ram\u00edrez dice vientos soplan a favor de Danilo Medina"},"content":{"rendered":"<p><body><\/p>\n<p><img decoding=\"async\" src=\"img3\/Ramirez.jpg\" \/>  <\/p>\n<p><span class=\"text1noticias\">Santo Domingo, RD, 29 de Octubre.- El polit\u00f3logo Belarminio Ram\u00edrez dijo que es a favor del Presidente Danilo Medina que soplan los vientos del triunfo para las pr\u00f3ximas elecciones del 2016, puesto que es el \u00fanico producto pol\u00edtico que puede ganar en primera vuelta, sin importar a quien se enfrente.<\/span><\/p>\n<\/p>\n<p><span class=\"text1noticias\">Ram\u00edrez expres\u00f3 que la poblaci\u00f3n se ha encari\u00f1ado con el presidente Medina por su estilo de gobernar, caracterizado por la cercan\u00eda con la gente, la humildad, la sencillez y la pol\u00edtica p\u00fablica implementada en su gesti\u00f3n, siendo esto un buen punto a su favor.<\/span><\/p>\n<\/p>\n<p><span class=\"text1noticias\">Entrevistado en el programa \u00abHilando Fino\u00bb conducido por el periodista Salvador Holgu\u00edn de lunes a viernes a las 8:00 AM a trav\u00e9s de Teleradio Am\u00e9rica canal 45, Belarminio Ram\u00edrez indic\u00f3 que en Medina se percibe un posicionamiento que se mantendr\u00e1 por mucho tiempo.<\/span><\/p>\n<\/p>\n<p><span class=\"text1noticias\">El polit\u00f3logo manifest\u00f3 que el Presidente Medina se ha convertido en el referente del presente y el liderazgo del futuro.<\/span><\/p>\n<\/p>\n<p><strong><span class=\"text1noticias\">Pacto social para la reforma constitucional<\/span><\/strong><\/p>\n<\/p>\n<p><span class=\"text1noticias\">Belarminio Ram\u00edrez dijo que Danilo Medina esta consiente que existe un pacto social a favor de que se reforme la constituci\u00f3n, por lo que est\u00e1 esperando que le sean creadas las condiciones para tomar una decisi\u00f3n positiva en torno a la reelecci\u00f3n presidencial.<\/span><\/p>\n<\/p>\n<p><span class=\"text1noticias\">Ram\u00edrez indic\u00f3 que nunca en la historia se hab\u00eda presentado una situaci\u00f3n donde el 70% de la poblaci\u00f3n estar\u00eda a favor de una modificaci\u00f3n constitucional para una reelecci\u00f3n.<\/span><\/p>\n<\/p>\n<p><span class=\"text1noticias\">Se\u00f1al\u00f3 que con un liderazgo de tan alta aceptaci\u00f3n y tan buen nivel de confianza y credibilidad, como el que posee Medina, lo que procede es abrirle el paso.<\/span><\/p>\n<\/p>\n<p><span class=\"text1noticias\">El polit\u00f3logo resalt\u00f3 que el Presidente Medina tiene la simpat\u00eda de m\u00e1s de la mitad de las personas que votaron por el ex presidente Hip\u00f3lito Mej\u00eda en las pasadas elecciones del 2012..(HG)<\/span>.<\/p>\n<h6> 2014-10-29 20:19:57 <\/h6>\n<p><!--\n<link rel=\"stylesheet\" href=\"css\/bootstrap.min.css\">\n\n\n<ul class=\"pagination\">\n\t    \n\t\n\n<li >\n\t<a href='?page_no=14228'>Previous<\/a>\n\t<\/li>\n\n\n       \n    \n\n<li><a href='?page_no=1'>1<\/a><\/li>\n\n\n\n<li><a href='?page_no=2'>2<\/a><\/li>\n\n\n\n<li><a>...<\/a><\/li>\n\n\n\n<li><a href='?page_no=14227'>14227<\/a><\/li>\n\n\n\n<li><a href='?page_no=14228'>14228<\/a><\/li>\n\n\n\n<li class='active'><a>14229<\/a><\/li>\n\n\n\n<li><a href='?page_no=14230'>14230<\/a><\/li>\n\n\n\n<li><a href='?page_no=14231'>14231<\/a><\/li>\n\n\n\n<li><a>...<\/a><\/li>\n\n\n\n<li><a href='?page_no=36999'>36999<\/a><\/li>\n\n\n\n<li><a href='?page_no=37000'>37000<\/a><\/li>\n\n    \n\t\n\n<li >\n\t<a href='?page_no=14230'>Next<\/a>\n\t<\/li>\n\n\n    \n\n<li><a href='?page_no=37000'>Last &rsaquo;&rsaquo;<\/a><\/li>\n\n<\/ul>\n\n\n--><br \/>\n<\/body><\/p>\n","protected":false},"excerpt":{"rendered":"<p>Santo Domingo, RD, 29 de Octubre.- El polit\u00f3logo Belarminio Ram\u00edrez dijo que es a favor del Presidente Danilo Medina que soplan los vientos del triunfo para las pr\u00f3ximas elecciones del 2016, puesto que es el \u00fanico producto pol\u00edtico que puede ganar en primera vuelta, sin importar a quien se enfrente. Ram\u00edrez expres\u00f3 que la poblaci\u00f3n [&hellip;]<\/p>\n","protected":false},"author":3,"featured_media":0,"comment_status":"open","ping_status":"open","sticky":false,"template":"","format":"standard","meta":{"footnotes":""},"categories":[22],"tags":[],"class_list":["post-161755","post","type-post","status-publish","format-standard","hentry","category-politica"],"_links":{"self":[{"href":"https:\/\/diariodominicano.com\/index.php?rest_route=\/wp\/v2\/posts\/161755","targetHints":{"allow":["GET"]}}],"collection":[{"href":"https:\/\/diariodominicano.com\/index.php?rest_route=\/wp\/v2\/posts"}],"about":[{"href":"https:\/\/diariodominicano.com\/index.php?rest_route=\/wp\/v2\/types\/post"}],"author":[{"embeddable":true,"href":"https:\/\/diariodominicano.com\/index.php?rest_route=\/wp\/v2\/users\/3"}],"replies":[{"embeddable":true,"href":"https:\/\/diariodominicano.com\/index.php?rest_route=%2Fwp%2Fv2%2Fcomments&post=161755"}],"version-history":[{"count":0,"href":"https:\/\/diariodominicano.com\/index.php?rest_route=\/wp\/v2\/posts\/161755\/revisions"}],"wp:attachment":[{"href":"https:\/\/diariodominicano.com\/index.php?rest_route=%2Fwp%2Fv2%2Fmedia&parent=161755"}],"wp:term":[{"taxonomy":"category","embeddable":true,"href":"https:\/\/diariodominicano.com\/index.php?rest_route=%2Fwp%2Fv2%2Fcategories&post=161755"},{"taxonomy":"post_tag","embeddable":true,"href":"https:\/\/diariodominicano.com\/index.php?rest_route=%2Fwp%2Fv2%2Ftags&post=161755"}],"curies":[{"name":"wp","href":"https:\/\/api.w.org\/{rel}","templated":true}]}}