{"id":161753,"date":"2014-10-30T01:21:08","date_gmt":"2014-10-30T01:21:08","guid":{"rendered":"http:\/\/diariodominicano.ddns.net\/?p=161753"},"modified":"2014-10-30T01:21:08","modified_gmt":"2014-10-30T01:21:08","slug":"corte-centroamericana-de-justicia-expresa-pesar-por-fallecimiento-morales-troncoso","status":"publish","type":"post","link":"https:\/\/diariodominicano.com\/?p=161753","title":{"rendered":"Corte Centroamericana de Justicia expresa pesar por fallecimiento Morales Troncoso"},"content":{"rendered":"<p><body><\/p>\n<p><img decoding=\"async\" src=\"img3\/corte.jpg\" \/>  <\/p>\n<p><span class=\"text1noticias\">Santo Domingo, R. D., 29 de octubre.- La Corte Centroamericana de Justicia, con sede en Managua, Nicaragua, emiti\u00f3 este mi\u00e9rcoles una resoluci\u00f3n expresando su pesar por el fallecimiento del ingeniero Carlos Morales Troncoso, de quien dijo fue un firme convencido y precursor de la incorporaci\u00f3n de incorporaci\u00f3n de la Rep\u00fablica Dominicana como miembro pleno del Sistema de Integraci\u00f3n Centroamericana (SICA).<\/span><\/p>\n<p><span class=\"text1noticias\"> <\/span><\/p>\n<p><span class=\"text1noticias\">\u00abY siempre estuvo presente en los esfuerzos por convertir la regi\u00f3n en una zona de paz, libertad, democracia y desarrollo\u00bb, dice el documento entregado al Partido Reformista Social Cristiano.<\/span><\/p>\n<p><span class=\"text1noticias\"> <\/span><\/p>\n<p><span class=\"text1noticias\">Resalta asimismo en uno de los considerandos que \u00abla noticia del fallecimiento del ingeniero Carlos Morales Troncoso ha causado un gran dolor a los Se\u00f1ores Magistrados que en una actitud solidaria hacen suya la consternaci\u00f3n que embarga a su familia\u00bb.<\/span><\/p>\n<p><span class=\"text1noticias\"> <\/span><\/p>\n<p><span class=\"text1noticias\">Por tanto acuerda ?agrega finalmente- patentizar al Ilustro Gobierno de la Rep\u00fablica Dominicana y a la distinguida familia doliente los sentimientos de dolor por tan irreparable p\u00e9rdida.<\/span><\/p>\n<p><span class=\"text1noticias\"> <\/span><\/p>\n<p><span class=\"text1noticias\">La resoluci\u00f3n de la Corte Centroamericana de Justicia hizo entrega de la resoluci\u00f3n al embajador dominicano en Nicaragua, licenciado Luis Jos\u00e9 Gonz\u00e1lez S\u00e1nchez, para que la hiciera llegar al Gobierno y a la familia Morales Troncoso.<\/span><\/p>\n<p><span class=\"text1noticias\"> <\/span><\/p>\n<p><span class=\"text1noticias\">Por otra parte, diferentes personalidades de Nicaragua han visitado la sede de la embajada dominicana en ese pa\u00eds para firmar el libro de condolencia por el fallecimiento del ingeniero Carlos Morales.<\/span><\/p>\n<p><span class=\"text1noticias\"> <\/span><\/p>\n<p><span class=\"text1noticias\">Entre las personalidades figura el excelent\u00edsimo Canciller de esa naci\u00f3n centroamericana, Manuel Santos, y una nutrida comisi\u00f3n de ese ministerio, as\u00ed como diputados y magistrados de la Corte de Justicia.<\/span><\/p>\n<p><span class=\"text1noticias\"> <\/span><\/p>\n<p><span class=\"text1noticias\">El embajador Gonz\u00e1lez S\u00e1nchez agradeci\u00f3 la solidaridad del pueblo de Nicaragua por el fallecimiento del ex Vicepresidente y ex Canciller Carlos Morales Tr<\/span>oncoso.<\/p>\n<h6> 2014-10-30 01:21:08 <\/h6>\n<p><!--\n<link rel=\"stylesheet\" href=\"css\/bootstrap.min.css\">\n\n\n<ul class=\"pagination\">\n\t    \n\t\n\n<li >\n\t<a href='?page_no=14226'>Previous<\/a>\n\t<\/li>\n\n\n       \n    \n\n<li><a href='?page_no=1'>1<\/a><\/li>\n\n\n\n<li><a href='?page_no=2'>2<\/a><\/li>\n\n\n\n<li><a>...<\/a><\/li>\n\n\n\n<li><a href='?page_no=14225'>14225<\/a><\/li>\n\n\n\n<li><a href='?page_no=14226'>14226<\/a><\/li>\n\n\n\n<li class='active'><a>14227<\/a><\/li>\n\n\n\n<li><a href='?page_no=14228'>14228<\/a><\/li>\n\n\n\n<li><a href='?page_no=14229'>14229<\/a><\/li>\n\n\n\n<li><a>...<\/a><\/li>\n\n\n\n<li><a href='?page_no=36999'>36999<\/a><\/li>\n\n\n\n<li><a href='?page_no=37000'>37000<\/a><\/li>\n\n    \n\t\n\n<li >\n\t<a href='?page_no=14228'>Next<\/a>\n\t<\/li>\n\n\n    \n\n<li><a href='?page_no=37000'>Last &rsaquo;&rsaquo;<\/a><\/li>\n\n<\/ul>\n\n\n--><br \/>\n<\/body><\/p>\n","protected":false},"excerpt":{"rendered":"<p>Santo Domingo, R. D., 29 de octubre.- La Corte Centroamericana de Justicia, con sede en Managua, Nicaragua, emiti\u00f3 este mi\u00e9rcoles una resoluci\u00f3n expresando su pesar por el fallecimiento del ingeniero Carlos Morales Troncoso, de quien dijo fue un firme convencido y precursor de la incorporaci\u00f3n de incorporaci\u00f3n de la Rep\u00fablica Dominicana como miembro pleno del [&hellip;]<\/p>\n","protected":false},"author":3,"featured_media":0,"comment_status":"open","ping_status":"open","sticky":false,"template":"","format":"standard","meta":{"footnotes":""},"categories":[22],"tags":[],"class_list":["post-161753","post","type-post","status-publish","format-standard","hentry","category-politica"],"_links":{"self":[{"href":"https:\/\/diariodominicano.com\/index.php?rest_route=\/wp\/v2\/posts\/161753","targetHints":{"allow":["GET"]}}],"collection":[{"href":"https:\/\/diariodominicano.com\/index.php?rest_route=\/wp\/v2\/posts"}],"about":[{"href":"https:\/\/diariodominicano.com\/index.php?rest_route=\/wp\/v2\/types\/post"}],"author":[{"embeddable":true,"href":"https:\/\/diariodominicano.com\/index.php?rest_route=\/wp\/v2\/users\/3"}],"replies":[{"embeddable":true,"href":"https:\/\/diariodominicano.com\/index.php?rest_route=%2Fwp%2Fv2%2Fcomments&post=161753"}],"version-history":[{"count":0,"href":"https:\/\/diariodominicano.com\/index.php?rest_route=\/wp\/v2\/posts\/161753\/revisions"}],"wp:attachment":[{"href":"https:\/\/diariodominicano.com\/index.php?rest_route=%2Fwp%2Fv2%2Fmedia&parent=161753"}],"wp:term":[{"taxonomy":"category","embeddable":true,"href":"https:\/\/diariodominicano.com\/index.php?rest_route=%2Fwp%2Fv2%2Fcategories&post=161753"},{"taxonomy":"post_tag","embeddable":true,"href":"https:\/\/diariodominicano.com\/index.php?rest_route=%2Fwp%2Fv2%2Ftags&post=161753"}],"curies":[{"name":"wp","href":"https:\/\/api.w.org\/{rel}","templated":true}]}}