{"id":161752,"date":"2014-10-30T12:33:06","date_gmt":"2014-10-30T12:33:06","guid":{"rendered":"http:\/\/diariodominicano.ddns.net\/?p=161752"},"modified":"2014-10-30T12:33:06","modified_gmt":"2014-10-30T12:33:06","slug":"vinicio-castillo-seman-vaticina-fracaso-prorroga-ley","status":"publish","type":"post","link":"https:\/\/diariodominicano.com\/?p=161752","title":{"rendered":"Vinicio Castillo Sem\u00e1n vaticina fracaso prorroga ley"},"content":{"rendered":"<p><body><\/p>\n<p><img decoding=\"async\" src=\"img3\/vini 30.jpg\" \/>  <\/p>\n<p>Santo Domingo RD 30 octubre .-Vinicio Castillo Sem\u00e1n,  diputado por la Fuerza Nacional Progresista, advirti\u00f3 que la pr\u00f3rroga de 90 d\u00edas en el plazo otorgado por la Ley 169-14, aprobado este martes en la C\u00e1mara de Diputados, ser\u00e1 un fracaso, ya que Hait\u00ed no dar\u00e1 documentos de los padres de los solicitantes.<\/p>\n<\/p>\n<p>\u00abEl env\u00edo de un proyecto de pr\u00f3rroga por parte del Ejecutivo y la aprobaci\u00f3n en la C\u00e1mara de Diputados del d\u00eda de ayer, indican que los poderes p\u00fablicos de Rep\u00fablica Dominicana no tienen la perspectiva ni la dimensi\u00f3n real del conflicto planteado\u00bb, sostuvo el legislador.<\/p>\n<\/p>\n<p>Agreg\u00f3 que \u00abHait\u00ed, que est\u00e1 detr\u00e1s del fallo de CIDH, no va a dar papeles; por el contrario, le dir\u00e1 a sus nacionales nacidos en territorio nacional que ya son dominicanos de pleno derecho, conforme a la decisi\u00f3n de la Corte Interamericana de Derechos Humanos (CIDH) y que esta decisi\u00f3n es vinculante y est\u00e1 por encima de las normas internas dominicanas\u00bb.<\/p>\n<\/p>\n<p>\u00abNo estuve presente en la sesi\u00f3n de la C\u00e1mara de Diputados porque estuve en los funerales de don Carlos Morales Troncoso.  Pero es bueno que el pa\u00eds sepa que nos oponemos a esa pr\u00f3rroga, porque no hay buena fe en Hait\u00ed en colaborar en la aplicaci\u00f3n de la Ley 169-14.  Y sin esa colaboraci\u00f3n el proceso est\u00e1 condenado al fracaso\u00bb.<\/p>\n<\/p>\n<p>Apunt\u00f3 que la Junta Central Electoral, cumpliendo con la Constituci\u00f3n, no inscribir\u00e1 a ninguno de los solicitantes que le env\u00ede Interior y Polic\u00eda, si no tiene una identidad real avalada por documentos oficiales de Hait\u00ed, \u00ablo que ni ha ocurrido, ni va a ocurrir\u00bb.<\/p>\n<h6> 2014-10-30 12:33:06 <\/h6>\n<p><!--\n<link rel=\"stylesheet\" href=\"css\/bootstrap.min.css\">\n\n\n<ul class=\"pagination\">\n\t    \n\t\n\n<li >\n\t<a href='?page_no=14225'>Previous<\/a>\n\t<\/li>\n\n\n       \n    \n\n<li><a href='?page_no=1'>1<\/a><\/li>\n\n\n\n<li><a href='?page_no=2'>2<\/a><\/li>\n\n\n\n<li><a>...<\/a><\/li>\n\n\n\n<li><a href='?page_no=14224'>14224<\/a><\/li>\n\n\n\n<li><a href='?page_no=14225'>14225<\/a><\/li>\n\n\n\n<li class='active'><a>14226<\/a><\/li>\n\n\n\n<li><a href='?page_no=14227'>14227<\/a><\/li>\n\n\n\n<li><a href='?page_no=14228'>14228<\/a><\/li>\n\n\n\n<li><a>...<\/a><\/li>\n\n\n\n<li><a href='?page_no=36999'>36999<\/a><\/li>\n\n\n\n<li><a href='?page_no=37000'>37000<\/a><\/li>\n\n    \n\t\n\n<li >\n\t<a href='?page_no=14227'>Next<\/a>\n\t<\/li>\n\n\n    \n\n<li><a href='?page_no=37000'>Last &rsaquo;&rsaquo;<\/a><\/li>\n\n<\/ul>\n\n\n--><br \/>\n<\/body><\/p>\n","protected":false},"excerpt":{"rendered":"<p>Santo Domingo RD 30 octubre .-Vinicio Castillo Sem\u00e1n, diputado por la Fuerza Nacional Progresista, advirti\u00f3 que la pr\u00f3rroga de 90 d\u00edas en el plazo otorgado por la Ley 169-14, aprobado este martes en la C\u00e1mara de Diputados, ser\u00e1 un fracaso, ya que Hait\u00ed no dar\u00e1 documentos de los padres de los solicitantes. \u00abEl env\u00edo de [&hellip;]<\/p>\n","protected":false},"author":3,"featured_media":0,"comment_status":"open","ping_status":"open","sticky":false,"template":"","format":"standard","meta":{"footnotes":""},"categories":[22],"tags":[],"class_list":["post-161752","post","type-post","status-publish","format-standard","hentry","category-politica"],"_links":{"self":[{"href":"https:\/\/diariodominicano.com\/index.php?rest_route=\/wp\/v2\/posts\/161752","targetHints":{"allow":["GET"]}}],"collection":[{"href":"https:\/\/diariodominicano.com\/index.php?rest_route=\/wp\/v2\/posts"}],"about":[{"href":"https:\/\/diariodominicano.com\/index.php?rest_route=\/wp\/v2\/types\/post"}],"author":[{"embeddable":true,"href":"https:\/\/diariodominicano.com\/index.php?rest_route=\/wp\/v2\/users\/3"}],"replies":[{"embeddable":true,"href":"https:\/\/diariodominicano.com\/index.php?rest_route=%2Fwp%2Fv2%2Fcomments&post=161752"}],"version-history":[{"count":0,"href":"https:\/\/diariodominicano.com\/index.php?rest_route=\/wp\/v2\/posts\/161752\/revisions"}],"wp:attachment":[{"href":"https:\/\/diariodominicano.com\/index.php?rest_route=%2Fwp%2Fv2%2Fmedia&parent=161752"}],"wp:term":[{"taxonomy":"category","embeddable":true,"href":"https:\/\/diariodominicano.com\/index.php?rest_route=%2Fwp%2Fv2%2Fcategories&post=161752"},{"taxonomy":"post_tag","embeddable":true,"href":"https:\/\/diariodominicano.com\/index.php?rest_route=%2Fwp%2Fv2%2Ftags&post=161752"}],"curies":[{"name":"wp","href":"https:\/\/api.w.org\/{rel}","templated":true}]}}