{"id":161751,"date":"2014-10-30T13:17:35","date_gmt":"2014-10-30T13:17:35","guid":{"rendered":"http:\/\/diariodominicano.ddns.net\/?p=161751"},"modified":"2014-10-30T13:17:35","modified_gmt":"2014-10-30T13:17:35","slug":"organismos-universitarios-del-prd-en-la-uasd-pasan-al-prm","status":"publish","type":"post","link":"https:\/\/diariodominicano.com\/?p=161751","title":{"rendered":"Organismos universitarios del PRD en la UASD pasan al PRM"},"content":{"rendered":"<p><body><\/p>\n<p><img decoding=\"async\" src=\"img3\/pasan 2.jpg\" \/><br \/><img decoding=\"async\" src=\"img3\/pasan 30.jpg\" \/>  <\/p>\n<p>Organismos universitarios del PRD en la UASD pasan al PRM<\/p>\n<p>Por ALI N\u00da\u00d1EZ<\/p>\n<\/p>\n<p>Rueda de prensa en la que organismos de la UASD anunciaron su paso del PRD al PRD.<\/p>\n<\/p>\n<p>SANTO DOMINGO, Rep\u00fablica Dominicana, 28 de octubre 2014.- El bloque de organismos universitarios del Partido Revolucionario Dominicano (PRD) en la UASD anunciaron su paso al Partido Revolucionario Moderno (PRM).<\/p>\n<p>Tomas Dar\u00edo Castillo, vocero del grupo, dijo en rueda de prensa que tomaron la decisi\u00f3n por considerar que en el PRM est\u00e1n los hombres y mujeres que representan la dignidad, principios y objetivos por los cuales lucharon los fundadores del PRD especialmente su m\u00e1ximo l\u00edder Jos\u00e9 Francisco Pe\u00f1a G\u00f3mez.<\/p>\n<p>Entre los renunciantes est\u00e1n dirigentes del Frente de Estudiantes Socialista Democr\u00e1tico, que incluye miembros de la Direcci\u00f3n Pol\u00edtica y presidentes de facultades y regionales.<\/p>\n<p>Dirigentes del Comit\u00e9 Ejecutivo y delegados de facultades, recintos, centros regionales y departamentos administrativos del Frente de Empleados Perredistas Universitarios.<\/p>\n<p>\u00abDel mismo modo la mayor\u00eda de profesores y l\u00edderes que encabezan corrientes profesorales, han confirmado su militancia en el PRM\u00bb, dijo.<\/p>\n<p>Por la Comisi\u00f3n del Bloque Universitario firman el documento Dar\u00edo Castillo Lugo, Miguel Catalino, Salvador Ramos, Franklin Garc\u00eda Ferm\u00edn, Mateo Aquino Febrillet, Am\u00edlcar Carrasco, Santo Inocencio Mercedes, Mohamed Pl\u00e1cido, Fabio Ruiz Rosado, Fausto Herrera Catalino, Pablo Rodr\u00edguez, Juan Ure\u00f1a, C\u00e9sar A. Ramos y Fausto Mu\u00f1oz R.<\/p>\n<p>Por los profesores Luis R. Berg\u00e9s, Isa\u00eda Mart\u00ednez Aria, \u00c1ngel Sosa, Nelson Antonio Vargas, Juan Medina, Jos\u00e9 Luis Tav\u00e1rez, Ram\u00f3n Hern\u00e1ndez Dom\u00ednguez, Francisco Vegazo Ram\u00edrez, Roberto Byas, Amaury Justo Duarte, Nolberto Soto, Teodoro Jim\u00e9nez Ort\u00edz, Altagracia Julia Drullard, Jimmy Rosario Bernard, Orestes Toribio, Jos\u00e9 Francisco Disla S\u00e1nchez, Carlita Camacho, Glovis Reyes.<\/p>\n<p>Por el sector estudiantil Rafael Eliazar Acosta Segura, M\u00e1ximo S\u00e1nchez, \u00c1ngel Ram\u00edrez T, Rodolfo De los Santos, Abner Guzm\u00e1n Mena, Roberto Miguel Gil Dur\u00e1n, Brandor Matos, Willy P\u00e9rez.<\/p>\n<p>Del \u00e1rea administrativa Sedilio Herrera, Ram\u00f3n Mart\u00ednez, \u00c1ngela N\u00fa\u00f1ez De la Cruz, Jos\u00e9 Ulises Castillo, Bienvenido Polanco, Yimi Aybar, Jos\u00e9 Antonio Candelario, Nelson D\u00edaz, Juan Ure\u00f1a, Ilanet Carela, Mario Peguero, Pedro Valverde, Confesor Sol\u00eds, Jonathan Rafael Ort\u00edz P, Robert Polanco, Hugo Aquino.<\/p>\n<h6> 2014-10-30 13:17:35 <\/h6>\n<p><!--\n<link rel=\"stylesheet\" href=\"css\/bootstrap.min.css\">\n\n\n<ul class=\"pagination\">\n\t    \n\t\n\n<li >\n\t<a href='?page_no=14224'>Previous<\/a>\n\t<\/li>\n\n\n       \n    \n\n<li><a href='?page_no=1'>1<\/a><\/li>\n\n\n\n<li><a href='?page_no=2'>2<\/a><\/li>\n\n\n\n<li><a>...<\/a><\/li>\n\n\n\n<li><a href='?page_no=14223'>14223<\/a><\/li>\n\n\n\n<li><a href='?page_no=14224'>14224<\/a><\/li>\n\n\n\n<li class='active'><a>14225<\/a><\/li>\n\n\n\n<li><a href='?page_no=14226'>14226<\/a><\/li>\n\n\n\n<li><a href='?page_no=14227'>14227<\/a><\/li>\n\n\n\n<li><a>...<\/a><\/li>\n\n\n\n<li><a href='?page_no=36999'>36999<\/a><\/li>\n\n\n\n<li><a href='?page_no=37000'>37000<\/a><\/li>\n\n    \n\t\n\n<li >\n\t<a href='?page_no=14226'>Next<\/a>\n\t<\/li>\n\n\n    \n\n<li><a href='?page_no=37000'>Last &rsaquo;&rsaquo;<\/a><\/li>\n\n<\/ul>\n\n\n--><br \/>\n<\/body><\/p>\n","protected":false},"excerpt":{"rendered":"<p>Organismos universitarios del PRD en la UASD pasan al PRM Por ALI N\u00da\u00d1EZ Rueda de prensa en la que organismos de la UASD anunciaron su paso del PRD al PRD. SANTO DOMINGO, Rep\u00fablica Dominicana, 28 de octubre 2014.- El bloque de organismos universitarios del Partido Revolucionario Dominicano (PRD) en la UASD anunciaron su paso al [&hellip;]<\/p>\n","protected":false},"author":3,"featured_media":0,"comment_status":"open","ping_status":"open","sticky":false,"template":"","format":"standard","meta":{"footnotes":""},"categories":[22],"tags":[],"class_list":["post-161751","post","type-post","status-publish","format-standard","hentry","category-politica"],"_links":{"self":[{"href":"https:\/\/diariodominicano.com\/index.php?rest_route=\/wp\/v2\/posts\/161751","targetHints":{"allow":["GET"]}}],"collection":[{"href":"https:\/\/diariodominicano.com\/index.php?rest_route=\/wp\/v2\/posts"}],"about":[{"href":"https:\/\/diariodominicano.com\/index.php?rest_route=\/wp\/v2\/types\/post"}],"author":[{"embeddable":true,"href":"https:\/\/diariodominicano.com\/index.php?rest_route=\/wp\/v2\/users\/3"}],"replies":[{"embeddable":true,"href":"https:\/\/diariodominicano.com\/index.php?rest_route=%2Fwp%2Fv2%2Fcomments&post=161751"}],"version-history":[{"count":0,"href":"https:\/\/diariodominicano.com\/index.php?rest_route=\/wp\/v2\/posts\/161751\/revisions"}],"wp:attachment":[{"href":"https:\/\/diariodominicano.com\/index.php?rest_route=%2Fwp%2Fv2%2Fmedia&parent=161751"}],"wp:term":[{"taxonomy":"category","embeddable":true,"href":"https:\/\/diariodominicano.com\/index.php?rest_route=%2Fwp%2Fv2%2Fcategories&post=161751"},{"taxonomy":"post_tag","embeddable":true,"href":"https:\/\/diariodominicano.com\/index.php?rest_route=%2Fwp%2Fv2%2Ftags&post=161751"}],"curies":[{"name":"wp","href":"https:\/\/api.w.org\/{rel}","templated":true}]}}