{"id":161748,"date":"2014-10-30T18:12:04","date_gmt":"2014-10-30T18:12:04","guid":{"rendered":"http:\/\/diariodominicano.ddns.net\/?p=161748"},"modified":"2014-10-30T18:12:04","modified_gmt":"2014-10-30T18:12:04","slug":"edward-pineda-anuncia-su-respaldo-a-carlos-garcia","status":"publish","type":"post","link":"https:\/\/diariodominicano.com\/?p=161748","title":{"rendered":"&#13;&#13;Edward Pineda anuncia su respaldo a Carlos Garc\u00eda&#13;"},"content":{"rendered":"<p><body><\/p>\n<p><img decoding=\"async\" src=\"img3\/dirigente.jpg\" \/>  <\/p>\n<\/p>\n<\/p>\n<p><span class=\"text1noticias\">Barahona, RD, 30 de octubre.- Un dirigente  del Partido Revolucionario Dominicano (PRD) y locutor Edward Pineda anunci\u00f3 su apoyo a la precandidatura a s\u00edndico del licenciado Carlos Garc\u00eda por el Partido de la Liberaci\u00f3n Dominicana (PLD), por esta ciudad.<\/span><\/p>\n<p><span class=\"text1noticias\"> <\/span><\/p>\n<p><span class=\"text1noticias\">En su cuenta de Facebook, el reconocido locutor expresa que en la sindicatura de esta localidad tiene que producirse un cambio, \u00aby ese cambio tiene que ser con Carlos Garc\u00eda\u00bb.<\/span><\/p>\n<\/p>\n<p><span class=\"text1noticias\">\u00abSoy de los que creen que Barahona se merece un nuevo Alcalde, porque el que tenemos ya no tiene nada que ofrecer al pueblo\u00bb, expone en su mensaje.<\/span><\/p>\n<p><span class=\"text1noticias\"> <\/span><\/p>\n<p><span class=\"text1noticias\">Pineda expres\u00f3 que la \u00fanica persona que est\u00e1 preparada y que necesita una oportunidad, es el licenciado Carlos Garc\u00eda.<\/span><\/p>\n<p><span class=\"text1noticias\"> <\/span><\/p>\n<p><span class=\"text1noticias\">Reconoci\u00f3 el gran respaldo que tiene en los diversos sectores de esta sociedad, Garc\u00eda, \u00abpor lo que ser\u00e1 el candidato a sindico por el PLD y pr\u00f3ximo Alcalde de Barahona\u00bb.<\/span><\/p>\n<h6> 2014-10-30 18:12:04 <\/h6>\n<p><!--\n<link rel=\"stylesheet\" href=\"css\/bootstrap.min.css\">\n\n\n<ul class=\"pagination\">\n\t    \n\t\n\n<li >\n\t<a href='?page_no=14221'>Previous<\/a>\n\t<\/li>\n\n\n       \n    \n\n<li><a href='?page_no=1'>1<\/a><\/li>\n\n\n\n<li><a href='?page_no=2'>2<\/a><\/li>\n\n\n\n<li><a>...<\/a><\/li>\n\n\n\n<li><a href='?page_no=14220'>14220<\/a><\/li>\n\n\n\n<li><a href='?page_no=14221'>14221<\/a><\/li>\n\n\n\n<li class='active'><a>14222<\/a><\/li>\n\n\n\n<li><a href='?page_no=14223'>14223<\/a><\/li>\n\n\n\n<li><a href='?page_no=14224'>14224<\/a><\/li>\n\n\n\n<li><a>...<\/a><\/li>\n\n\n\n<li><a href='?page_no=36999'>36999<\/a><\/li>\n\n\n\n<li><a href='?page_no=37000'>37000<\/a><\/li>\n\n    \n\t\n\n<li >\n\t<a href='?page_no=14223'>Next<\/a>\n\t<\/li>\n\n\n    \n\n<li><a href='?page_no=37000'>Last &rsaquo;&rsaquo;<\/a><\/li>\n\n<\/ul>\n\n\n--><br \/>\n<\/body><\/p>\n","protected":false},"excerpt":{"rendered":"<p>Barahona, RD, 30 de octubre.- Un dirigente del Partido Revolucionario Dominicano (PRD) y locutor Edward Pineda anunci\u00f3 su apoyo a la precandidatura a s\u00edndico del licenciado Carlos Garc\u00eda por el Partido de la Liberaci\u00f3n Dominicana (PLD), por esta ciudad. En su cuenta de Facebook, el reconocido locutor expresa que en la sindicatura de esta localidad [&hellip;]<\/p>\n","protected":false},"author":3,"featured_media":0,"comment_status":"open","ping_status":"open","sticky":false,"template":"","format":"standard","meta":{"footnotes":""},"categories":[22],"tags":[],"class_list":["post-161748","post","type-post","status-publish","format-standard","hentry","category-politica"],"_links":{"self":[{"href":"https:\/\/diariodominicano.com\/index.php?rest_route=\/wp\/v2\/posts\/161748","targetHints":{"allow":["GET"]}}],"collection":[{"href":"https:\/\/diariodominicano.com\/index.php?rest_route=\/wp\/v2\/posts"}],"about":[{"href":"https:\/\/diariodominicano.com\/index.php?rest_route=\/wp\/v2\/types\/post"}],"author":[{"embeddable":true,"href":"https:\/\/diariodominicano.com\/index.php?rest_route=\/wp\/v2\/users\/3"}],"replies":[{"embeddable":true,"href":"https:\/\/diariodominicano.com\/index.php?rest_route=%2Fwp%2Fv2%2Fcomments&post=161748"}],"version-history":[{"count":0,"href":"https:\/\/diariodominicano.com\/index.php?rest_route=\/wp\/v2\/posts\/161748\/revisions"}],"wp:attachment":[{"href":"https:\/\/diariodominicano.com\/index.php?rest_route=%2Fwp%2Fv2%2Fmedia&parent=161748"}],"wp:term":[{"taxonomy":"category","embeddable":true,"href":"https:\/\/diariodominicano.com\/index.php?rest_route=%2Fwp%2Fv2%2Fcategories&post=161748"},{"taxonomy":"post_tag","embeddable":true,"href":"https:\/\/diariodominicano.com\/index.php?rest_route=%2Fwp%2Fv2%2Ftags&post=161748"}],"curies":[{"name":"wp","href":"https:\/\/api.w.org\/{rel}","templated":true}]}}