{"id":161747,"date":"2014-10-30T18:48:40","date_gmt":"2014-10-30T18:48:40","guid":{"rendered":"http:\/\/diariodominicano.ddns.net\/?p=161747"},"modified":"2014-10-30T18:48:40","modified_gmt":"2014-10-30T18:48:40","slug":"pld-invita-a-participar-en-actos-a-juan-bosch","status":"publish","type":"post","link":"https:\/\/diariodominicano.com\/?p=161747","title":{"rendered":"&#13;PLD invita a participar  en actos a Juan Bosch"},"content":{"rendered":"<p><body><\/p>\n<p><img decoding=\"async\" src=\"img3\/pared.jpg\" \/>  <\/p>\n<\/p>\n<p><span class=\"text1noticias\">Santo Domingo, RD, 30 de octubre.- Reinaldo Pared P\u00e9rez, secretario general del Partido de la Liberaci\u00f3n Dominicana, tras confirmar la planificaci\u00f3n de una serie de actos conmemorativos del fallecimiento del Profesor Juan Bosch, l\u00edder hist\u00f3rico del PLD, invit\u00f3 a los Comit\u00e9s Provinciales y Municipales a organizar actos de recordaci\u00f3n al ex Presidente de la Rep\u00fablica.<\/span><\/p>\n<\/p>\n<p><span class=\"text1noticias\">\u00abEl primero de noviembre para las y los peledeistas es d\u00eda de gran significaci\u00f3n, porque en una fecha como esa en el 2001,  muri\u00f3 el profesor Juan Bosch, l\u00edder y gu\u00eda permanente del Partido de la Liberaci\u00f3n Dominicana\u00bb record\u00f3 Pared P\u00e9rez al invitar a organizar actividades o a participar de las que ha organizado la direcci\u00f3n partidaria.<\/span><\/p>\n<\/p>\n<p><span class=\"text1noticias\">El pr\u00f3ximo s\u00e1bado a las 10 de la ma\u00f1ana, est\u00e1 programada una eucarist\u00eda en la Iglesia San Antonio de Padua en el sector de Gazcue, a cargo de Monse\u00f1or Benito \u00c1ngeles.<\/span><\/p>\n<\/p>\n<p><span class=\"text1noticias\">Terminada la misa los asistentes se trasladar\u00e1n a la Casa Nacional del PLD, distante a dos cuadras de la parroquia, para participar en un encuentro de recordaci\u00f3n al l\u00edder hist\u00f3rico del PLD.<\/span><\/p>\n<\/p>\n<p><span class=\"text1noticias\">A las once de la ma\u00f1ana del s\u00e1bado, en La Vega, se realizar\u00e1 una ofrenda floral en la tumba de Bosch en la que participar\u00e1 una representaci\u00f3n del Comit\u00e9 Pol\u00edtico, los Comit\u00e9s provincial y municipal a los que se sumar\u00e1n el Alcalde y el gobernador provincial, quienes son miembros del Comit\u00e9 Central peledeista.<\/span><\/p>\n<\/p>\n<p><span class=\"text1noticias\">Se ha organizado una actividad en la que se combinar\u00e1n discursos y canciones y el homenaje a Bosch con presentaci\u00f3n en su tumba de m\u00faltiples arreglos florales.<\/span><\/p>\n<\/p>\n<p><span class=\"text1noticias\">Reunidos con un grupo de dirigentes del PLD, Reinaldo Pared P\u00e9rez, record\u00f3 la fecha, exhortando a que no se deje sin organizar actividades de recordaci\u00f3n al Profesor Juan Bosch ya se trate de ceremonia religiosa, encuentros, tertulias, ofrendas, etc.<\/span><\/p>\n<\/p>\n<p><span class=\"text1noticias\">\u00bb El s\u00e1bado d\u00eda primero estaremos con los compa\u00f1eros y compa\u00f1eras , recordando a esa leyenda, ese coloso de la democracia y las letras , no solo de Rep\u00fablica Dominicana, tambi\u00e9n de la Am\u00e9rica morena\u00bb apunt\u00f3 Pared P\u00e9rez, tal y como se apunta en un despacho de la Secretar\u00eda de Comunicaciones del PLD<\/span><\/p>\n<\/p>\n<h6> 2014-10-30 18:48:40 <\/h6>\n<p><!--\n<link rel=\"stylesheet\" href=\"css\/bootstrap.min.css\">\n\n\n<ul class=\"pagination\">\n\t    \n\t\n\n<li >\n\t<a href='?page_no=14220'>Previous<\/a>\n\t<\/li>\n\n\n       \n    \n\n<li><a href='?page_no=1'>1<\/a><\/li>\n\n\n\n<li><a href='?page_no=2'>2<\/a><\/li>\n\n\n\n<li><a>...<\/a><\/li>\n\n\n\n<li><a href='?page_no=14219'>14219<\/a><\/li>\n\n\n\n<li><a href='?page_no=14220'>14220<\/a><\/li>\n\n\n\n<li class='active'><a>14221<\/a><\/li>\n\n\n\n<li><a href='?page_no=14222'>14222<\/a><\/li>\n\n\n\n<li><a href='?page_no=14223'>14223<\/a><\/li>\n\n\n\n<li><a>...<\/a><\/li>\n\n\n\n<li><a href='?page_no=36999'>36999<\/a><\/li>\n\n\n\n<li><a href='?page_no=37000'>37000<\/a><\/li>\n\n    \n\t\n\n<li >\n\t<a href='?page_no=14222'>Next<\/a>\n\t<\/li>\n\n\n    \n\n<li><a href='?page_no=37000'>Last &rsaquo;&rsaquo;<\/a><\/li>\n\n<\/ul>\n\n\n--><br \/>\n<\/body><\/p>\n","protected":false},"excerpt":{"rendered":"<p>Santo Domingo, RD, 30 de octubre.- Reinaldo Pared P\u00e9rez, secretario general del Partido de la Liberaci\u00f3n Dominicana, tras confirmar la planificaci\u00f3n de una serie de actos conmemorativos del fallecimiento del Profesor Juan Bosch, l\u00edder hist\u00f3rico del PLD, invit\u00f3 a los Comit\u00e9s Provinciales y Municipales a organizar actos de recordaci\u00f3n al ex Presidente de la Rep\u00fablica. [&hellip;]<\/p>\n","protected":false},"author":3,"featured_media":0,"comment_status":"open","ping_status":"open","sticky":false,"template":"","format":"standard","meta":{"footnotes":""},"categories":[22],"tags":[],"class_list":["post-161747","post","type-post","status-publish","format-standard","hentry","category-politica"],"_links":{"self":[{"href":"https:\/\/diariodominicano.com\/index.php?rest_route=\/wp\/v2\/posts\/161747","targetHints":{"allow":["GET"]}}],"collection":[{"href":"https:\/\/diariodominicano.com\/index.php?rest_route=\/wp\/v2\/posts"}],"about":[{"href":"https:\/\/diariodominicano.com\/index.php?rest_route=\/wp\/v2\/types\/post"}],"author":[{"embeddable":true,"href":"https:\/\/diariodominicano.com\/index.php?rest_route=\/wp\/v2\/users\/3"}],"replies":[{"embeddable":true,"href":"https:\/\/diariodominicano.com\/index.php?rest_route=%2Fwp%2Fv2%2Fcomments&post=161747"}],"version-history":[{"count":0,"href":"https:\/\/diariodominicano.com\/index.php?rest_route=\/wp\/v2\/posts\/161747\/revisions"}],"wp:attachment":[{"href":"https:\/\/diariodominicano.com\/index.php?rest_route=%2Fwp%2Fv2%2Fmedia&parent=161747"}],"wp:term":[{"taxonomy":"category","embeddable":true,"href":"https:\/\/diariodominicano.com\/index.php?rest_route=%2Fwp%2Fv2%2Fcategories&post=161747"},{"taxonomy":"post_tag","embeddable":true,"href":"https:\/\/diariodominicano.com\/index.php?rest_route=%2Fwp%2Fv2%2Ftags&post=161747"}],"curies":[{"name":"wp","href":"https:\/\/api.w.org\/{rel}","templated":true}]}}