{"id":161744,"date":"2014-10-31T02:24:40","date_gmt":"2014-10-31T02:24:40","guid":{"rendered":"http:\/\/diariodominicano.ddns.net\/?p=161744"},"modified":"2014-10-31T02:24:40","modified_gmt":"2014-10-31T02:24:40","slug":"pide-ruptura-con-la-corte-interamericana-de-los-derechos-humanos","status":"publish","type":"post","link":"https:\/\/diariodominicano.com\/?p=161744","title":{"rendered":"Pide ruptura con la Corte Interamericana de los Derechos Humanos"},"content":{"rendered":"<p><body><\/p>\n<p><img decoding=\"async\" src=\"img3\/ATT00001 (2).jpg\" \/>  <\/p>\n<p><span class=\"text1noticias\">Santo Domingo, R.D., 30 de octubre.- La Comisi\u00f3n Pol\u00edtica del Movimiento Izquierda Unida, (MIU) pidi\u00f3 la ruptura con la Corte Interamericana de los Derechos Humanos (CIDH) por considerar que la sentencia condenatoria a la Rep\u00fablica Dominicana es una agresi\u00f3n contra la dignidad nacional.<\/span><\/p>\n<p><span class=\"text1noticias\"> <\/span><\/p>\n<p><span class=\"text1noticias\">En un documento firmado por la Comisi\u00f3n Pol\u00edtica del MIU considera que esa sentencia de supuestas violaciones de los derechos de ciudadanos haitianos  ocurridas en el pa\u00eds hace alrededor de 15 a\u00f1os es un plan sistem\u00e1tico y deliberado de irrespeto a la soberan\u00eda y la institucionalidad democr\u00e1tica de las naciones en el mundo moderno.<\/span><\/p>\n<p><span class=\"text1noticias\"> <\/span><\/p>\n<p><span class=\"text1noticias\">El movimiento pol\u00edtico se\u00f1ala que esta sentencia del CIDH es  \u00abuna vieja reminiscencia de los tiempos en que reg\u00edan entre nosotros los viejos ordenes colonial e imperial\u00bb.<\/span><\/p>\n<p><span class=\"text1noticias\"> <\/span><\/p>\n<p><span class=\"text1noticias\">Asimismo, indica que \u00absospechosamente para la CIDH, lo que hace apenas un a\u00f1o era digno de elogios y reconocimientos en Rep\u00fablica Dominicana, a saber, los avances de la institucionalidad democr\u00e1tica y el respeto a los derechos humanos, hoy es motivo de condena y castigo, a tal extremo, que su rectificaci\u00f3n requerir\u00eda de la variaci\u00f3n de ese mismo orden constitucional, antes reconocido y elogiado\u00bb.<\/span><\/p>\n<p><span class=\"text1noticias\"> <\/span><\/p>\n<p><span class=\"text1noticias\">Manifest\u00f3 que esta no es s\u00f3lo una demanda del MIU, sino un reclamo de la mayor\u00eda de las fuerzas vivas y el pueblo dominic<\/span>ano.<\/p>\n<h6> 2014-10-31 02:24:40 <\/h6>\n<p><!--\n<link rel=\"stylesheet\" href=\"css\/bootstrap.min.css\">\n\n\n<ul class=\"pagination\">\n\t    \n\t\n\n<li >\n\t<a href='?page_no=14218'>Previous<\/a>\n\t<\/li>\n\n\n       \n    \n\n<li><a href='?page_no=1'>1<\/a><\/li>\n\n\n\n<li><a href='?page_no=2'>2<\/a><\/li>\n\n\n\n<li><a>...<\/a><\/li>\n\n\n\n<li><a href='?page_no=14217'>14217<\/a><\/li>\n\n\n\n<li><a href='?page_no=14218'>14218<\/a><\/li>\n\n\n\n<li class='active'><a>14219<\/a><\/li>\n\n\n\n<li><a href='?page_no=14220'>14220<\/a><\/li>\n\n\n\n<li><a href='?page_no=14221'>14221<\/a><\/li>\n\n\n\n<li><a>...<\/a><\/li>\n\n\n\n<li><a href='?page_no=36999'>36999<\/a><\/li>\n\n\n\n<li><a href='?page_no=37000'>37000<\/a><\/li>\n\n    \n\t\n\n<li >\n\t<a href='?page_no=14220'>Next<\/a>\n\t<\/li>\n\n\n    \n\n<li><a href='?page_no=37000'>Last &rsaquo;&rsaquo;<\/a><\/li>\n\n<\/ul>\n\n\n--><br \/>\n<\/body><\/p>\n","protected":false},"excerpt":{"rendered":"<p>Santo Domingo, R.D., 30 de octubre.- La Comisi\u00f3n Pol\u00edtica del Movimiento Izquierda Unida, (MIU) pidi\u00f3 la ruptura con la Corte Interamericana de los Derechos Humanos (CIDH) por considerar que la sentencia condenatoria a la Rep\u00fablica Dominicana es una agresi\u00f3n contra la dignidad nacional. En un documento firmado por la Comisi\u00f3n Pol\u00edtica del MIU considera que [&hellip;]<\/p>\n","protected":false},"author":3,"featured_media":0,"comment_status":"open","ping_status":"open","sticky":false,"template":"","format":"standard","meta":{"footnotes":""},"categories":[22],"tags":[],"class_list":["post-161744","post","type-post","status-publish","format-standard","hentry","category-politica"],"_links":{"self":[{"href":"https:\/\/diariodominicano.com\/index.php?rest_route=\/wp\/v2\/posts\/161744","targetHints":{"allow":["GET"]}}],"collection":[{"href":"https:\/\/diariodominicano.com\/index.php?rest_route=\/wp\/v2\/posts"}],"about":[{"href":"https:\/\/diariodominicano.com\/index.php?rest_route=\/wp\/v2\/types\/post"}],"author":[{"embeddable":true,"href":"https:\/\/diariodominicano.com\/index.php?rest_route=\/wp\/v2\/users\/3"}],"replies":[{"embeddable":true,"href":"https:\/\/diariodominicano.com\/index.php?rest_route=%2Fwp%2Fv2%2Fcomments&post=161744"}],"version-history":[{"count":0,"href":"https:\/\/diariodominicano.com\/index.php?rest_route=\/wp\/v2\/posts\/161744\/revisions"}],"wp:attachment":[{"href":"https:\/\/diariodominicano.com\/index.php?rest_route=%2Fwp%2Fv2%2Fmedia&parent=161744"}],"wp:term":[{"taxonomy":"category","embeddable":true,"href":"https:\/\/diariodominicano.com\/index.php?rest_route=%2Fwp%2Fv2%2Fcategories&post=161744"},{"taxonomy":"post_tag","embeddable":true,"href":"https:\/\/diariodominicano.com\/index.php?rest_route=%2Fwp%2Fv2%2Ftags&post=161744"}],"curies":[{"name":"wp","href":"https:\/\/api.w.org\/{rel}","templated":true}]}}