{"id":161742,"date":"2014-10-31T17:04:04","date_gmt":"2014-10-31T17:04:04","guid":{"rendered":"http:\/\/diariodominicano.ddns.net\/?p=161742"},"modified":"2014-10-31T17:04:04","modified_gmt":"2014-10-31T17:04:04","slug":"llama-a-direccion-del-pld-a-realizar-asamblea-pro-unidad-y-concordia","status":"publish","type":"post","link":"https:\/\/diariodominicano.com\/?p=161742","title":{"rendered":"Llama a direcci\u00f3n del PLD a realizar asamblea pro unidad y concordia"},"content":{"rendered":"<p><body><\/p>\n<p><img decoding=\"async\" src=\"img3\/luis 31.jpg\" \/>  <\/p>\n<p>Santo Domingo RD 31 octubre.- La fuerza Boschista del Partido de la Liberaci\u00f3n Dominicana (PLD),  llam\u00f3 este viernes a la direcci\u00f3n peledeista  a realizar una asamblea nacional de reflexi\u00f3n en aras del  fortalecimiento de la unidad partidaria, la concordia y el boschismo, condiciones necesarias  para continuar en el gobierno m\u00e1s all\u00e1 del 2016<\/p>\n<\/p>\n<p>\u00abEl pueblo, la base del partido y la sociedad demandan un PLD cohesionado junto al gobierno para fortalecer y profundizar la gobernabilidad democr\u00e1tica \u00e9tica  moral, legado &#8211; compromiso que tenemos con nuestro l\u00edder hist\u00f3rico Profesor Juan Bosch\u00bb, expres\u00f3 Lu\u00eds de Le\u00f3n, miembro del Comit\u00e9 Central del PLD a nombre de la Fuerza Boschista, que coordina<\/p>\n<\/p>\n<p>En el pedido al Comit\u00e9 Pol\u00edtico y Central del PLD, se se\u00f1ala que dicha direcci\u00f3n partidaria tiene que dar un paso hacia delante reuni\u00e9ndos y demostrar el  compromiso ineludible con la unidad, la disciplina, el respeto y la solidaridad entre sus integrantes<\/p>\n<\/p>\n<p>\u00abSolidaridad entre los compa\u00f1eros,  valores garantes del compromiso que tiene el PLD de terminar \u00abla obra inconclusa de Juan Pablo Duarte\u00bb, aduce en un documento le\u00eddo en una ofrenda ante el busto de Bosch en los jardines de la Casa Nacional del PLD.<\/p>\n<\/p>\n<p>Agrega  que \u00abNaturalmente esta asamblea tiene que ser presida por nuestros dos liderazgos fundamentales, el presidente constitucional de la Rep\u00fablica, Danilo Medina y el presidente de nuestro partido, Leonel Fern\u00e1ndez\u00bb<\/p>\n<\/p>\n<p>Record\u00f3 a la diligencia morada, que es su  partido quien  gobierna  por lo que est\u00e1 llamado a continuar con su tradicional  prudencia,  agregando, que ahora mas que nunca se requiere de t\u00e1ctica y coherencia en el ejercicio de la pol\u00edtica y del poder.<\/p>\n<\/p>\n<p>\u00abDemostr\u00e1ndole al pueblo con acciones y ejemplos de nuestros compromiso  es con la educaci\u00f3n, el progreso, la equidad social, la transparencia, la lucha contra la pobreza y el patriotismo dominicano\u00bb<\/p>\n<\/p>\n<p>En ese sentido, Lu\u00eds de Le\u00f3n inst\u00f3 a la familia pelede\u00edsta a verse en el espejo del PRD, partido que sus fracasos tambi\u00e9n se deben a las  luchas de intereses personales  y grupales  que le caracterizan, naturalmente, ajenos a los verdaderos intereses del pueblo dominicano.<\/p>\n<\/p>\n<p>\u00abLa unidad del partido hay que cuidarla como la ni\u00f1a de nuestros ojos\u00bb, concluy\u00f3 la Fuerza Boschista, usando una expresi\u00f3n del l\u00edder fundador del PLD, Juan Bosch<\/p>\n<\/p>\n<p>El encuentro de la Fuerza Boschista en la Casa Nacional del PLD en Gascue, estuvo encabezado por su presidente Lu\u00eds de Le\u00f3n, y los dirigentes nacionales, Jorge Santana y Luisa Escalante.<\/p>\n<\/p>\n<h6> 2014-10-31 17:04:04 <\/h6>\n<p><!--\n<link rel=\"stylesheet\" href=\"css\/bootstrap.min.css\">\n\n\n<ul class=\"pagination\">\n\t    \n\t\n\n<li >\n\t<a href='?page_no=14216'>Previous<\/a>\n\t<\/li>\n\n\n       \n    \n\n<li><a href='?page_no=1'>1<\/a><\/li>\n\n\n\n<li><a href='?page_no=2'>2<\/a><\/li>\n\n\n\n<li><a>...<\/a><\/li>\n\n\n\n<li><a href='?page_no=14215'>14215<\/a><\/li>\n\n\n\n<li><a href='?page_no=14216'>14216<\/a><\/li>\n\n\n\n<li class='active'><a>14217<\/a><\/li>\n\n\n\n<li><a href='?page_no=14218'>14218<\/a><\/li>\n\n\n\n<li><a href='?page_no=14219'>14219<\/a><\/li>\n\n\n\n<li><a>...<\/a><\/li>\n\n\n\n<li><a href='?page_no=36999'>36999<\/a><\/li>\n\n\n\n<li><a href='?page_no=37000'>37000<\/a><\/li>\n\n    \n\t\n\n<li >\n\t<a href='?page_no=14218'>Next<\/a>\n\t<\/li>\n\n\n    \n\n<li><a href='?page_no=37000'>Last &rsaquo;&rsaquo;<\/a><\/li>\n\n<\/ul>\n\n\n--><br \/>\n<\/body><\/p>\n","protected":false},"excerpt":{"rendered":"<p>Santo Domingo RD 31 octubre.- La fuerza Boschista del Partido de la Liberaci\u00f3n Dominicana (PLD), llam\u00f3 este viernes a la direcci\u00f3n peledeista a realizar una asamblea nacional de reflexi\u00f3n en aras del fortalecimiento de la unidad partidaria, la concordia y el boschismo, condiciones necesarias para continuar en el gobierno m\u00e1s all\u00e1 del 2016 \u00abEl pueblo, [&hellip;]<\/p>\n","protected":false},"author":3,"featured_media":0,"comment_status":"open","ping_status":"open","sticky":false,"template":"","format":"standard","meta":{"footnotes":""},"categories":[22],"tags":[],"class_list":["post-161742","post","type-post","status-publish","format-standard","hentry","category-politica"],"_links":{"self":[{"href":"https:\/\/diariodominicano.com\/index.php?rest_route=\/wp\/v2\/posts\/161742","targetHints":{"allow":["GET"]}}],"collection":[{"href":"https:\/\/diariodominicano.com\/index.php?rest_route=\/wp\/v2\/posts"}],"about":[{"href":"https:\/\/diariodominicano.com\/index.php?rest_route=\/wp\/v2\/types\/post"}],"author":[{"embeddable":true,"href":"https:\/\/diariodominicano.com\/index.php?rest_route=\/wp\/v2\/users\/3"}],"replies":[{"embeddable":true,"href":"https:\/\/diariodominicano.com\/index.php?rest_route=%2Fwp%2Fv2%2Fcomments&post=161742"}],"version-history":[{"count":0,"href":"https:\/\/diariodominicano.com\/index.php?rest_route=\/wp\/v2\/posts\/161742\/revisions"}],"wp:attachment":[{"href":"https:\/\/diariodominicano.com\/index.php?rest_route=%2Fwp%2Fv2%2Fmedia&parent=161742"}],"wp:term":[{"taxonomy":"category","embeddable":true,"href":"https:\/\/diariodominicano.com\/index.php?rest_route=%2Fwp%2Fv2%2Fcategories&post=161742"},{"taxonomy":"post_tag","embeddable":true,"href":"https:\/\/diariodominicano.com\/index.php?rest_route=%2Fwp%2Fv2%2Ftags&post=161742"}],"curies":[{"name":"wp","href":"https:\/\/api.w.org\/{rel}","templated":true}]}}