{"id":161741,"date":"2014-10-31T18:40:02","date_gmt":"2014-10-31T18:40:02","guid":{"rendered":"http:\/\/diariodominicano.ddns.net\/?p=161741"},"modified":"2014-10-31T18:40:02","modified_gmt":"2014-10-31T18:40:02","slug":"pld-conmemora-hoy-el-decimo-tercer-aniversario-de-la-muerte-de-su-lider-historico-profesor-juan-bosch","status":"publish","type":"post","link":"https:\/\/diariodominicano.com\/?p=161741","title":{"rendered":"PLD conmemora hoy el d\u00e9cimo tercer aniversario de la muerte de su l\u00edder hist\u00f3rico profesor Juan Bosch"},"content":{"rendered":"<p><body><\/p>\n<p><img decoding=\"async\" src=\"img3\/actopld.jpg\" \/>  <\/p>\n<p><span class=\"text1noticias\">Santo Domingo RD 1 noviembre.- El secretario general del Partido de la Liberaci\u00f3n Dominicana y Cristina Lizardo, integrante del Comit\u00e9 Pol\u00edtico y coordinadora de comisi\u00f3n para las celebraciones y conmemoraciones del PLD, encabezar\u00e1n hoy las actividades preparadas por esa organizaci\u00f3n para la conmemoraci\u00f3n del d\u00e9cimo tercer aniversario del fallecimiento del profesor Juan Bosch.<\/span><\/p>\n<p><span class=\"text1noticias\"> <\/span><\/p>\n<p><span class=\"text1noticias\">En la ciudad capital se program\u00f3 una eucarist\u00eda para oficiarse a las 10 de la ma\u00f1ana en la parroquia San Antonio de Padua en Gascue y posteriormente un encuentro en la Casa Nacional del PLD a las once.<\/span><\/p>\n<p><span class=\"text1noticias\"> <\/span><\/p>\n<p><span class=\"text1noticias\">Mientras se realizan esas actividades en la capital, en La Vega se realizar\u00e1 una ofrenda ante la tumba de Bosch en el Cementerio Ornamental de aquella ciudad con la participaci\u00f3n de la dirigencia de los Comit\u00e9s Provincial y Municipal y una representaci\u00f3n del Comit\u00e9 Pol\u00edtico.<\/span><\/p>\n<p><span class=\"text1noticias\"> <\/span><\/p>\n<p><span class=\"text1noticias\">Los miembros del Comit\u00e9 Central, Presidentes de las Circunscripciones Electorales del Gran Santo Domingo, presidentes de Comit\u00e9s Intermedios y p\u00fablico en general, est\u00e1n siendo invitados a estas actividades conmemorativas.<\/span><\/p>\n<p><span class=\"text1noticias\"> <\/span><\/p>\n<p><span class=\"text1noticias\">Las actividades programadas en la capital, se amenizara con canciones interpretadas por el Grupo Los L\u00edricos, dirigido por la profesora Gladis P\u00e9rez.<\/span><\/p>\n<p><span class=\"text1noticias\"> <\/span><\/p>\n<p><span class=\"text1noticias\">En La Vega se alternar\u00e1n los discursos con las interpretaciones de la centenaria banda de m\u00fasica de aquel municipio.<\/span><\/p>\n<p><span class=\"text1noticias\"> <\/span><\/p>\n<p><span class=\"text1noticias\">El Profesor Juan Bosch fundador del PLD naci\u00f3 en 1909 en La Vega, ciudad que le acoge luego de su fallecimiento el 1 de noviembre del 2001.<\/span><\/p>\n<h6> 2014-10-31 18:40:02 <\/h6>\n<p><!--\n<link rel=\"stylesheet\" href=\"css\/bootstrap.min.css\">\n\n\n<ul class=\"pagination\">\n\t    \n\t\n\n<li >\n\t<a href='?page_no=14215'>Previous<\/a>\n\t<\/li>\n\n\n       \n    \n\n<li><a href='?page_no=1'>1<\/a><\/li>\n\n\n\n<li><a href='?page_no=2'>2<\/a><\/li>\n\n\n\n<li><a>...<\/a><\/li>\n\n\n\n<li><a href='?page_no=14214'>14214<\/a><\/li>\n\n\n\n<li><a href='?page_no=14215'>14215<\/a><\/li>\n\n\n\n<li class='active'><a>14216<\/a><\/li>\n\n\n\n<li><a href='?page_no=14217'>14217<\/a><\/li>\n\n\n\n<li><a href='?page_no=14218'>14218<\/a><\/li>\n\n\n\n<li><a>...<\/a><\/li>\n\n\n\n<li><a href='?page_no=36999'>36999<\/a><\/li>\n\n\n\n<li><a href='?page_no=37000'>37000<\/a><\/li>\n\n    \n\t\n\n<li >\n\t<a href='?page_no=14217'>Next<\/a>\n\t<\/li>\n\n\n    \n\n<li><a href='?page_no=37000'>Last &rsaquo;&rsaquo;<\/a><\/li>\n\n<\/ul>\n\n\n--><br \/>\n<\/body><\/p>\n","protected":false},"excerpt":{"rendered":"<p>Santo Domingo RD 1 noviembre.- El secretario general del Partido de la Liberaci\u00f3n Dominicana y Cristina Lizardo, integrante del Comit\u00e9 Pol\u00edtico y coordinadora de comisi\u00f3n para las celebraciones y conmemoraciones del PLD, encabezar\u00e1n hoy las actividades preparadas por esa organizaci\u00f3n para la conmemoraci\u00f3n del d\u00e9cimo tercer aniversario del fallecimiento del profesor Juan Bosch. En la [&hellip;]<\/p>\n","protected":false},"author":3,"featured_media":0,"comment_status":"open","ping_status":"open","sticky":false,"template":"","format":"standard","meta":{"footnotes":""},"categories":[22],"tags":[],"class_list":["post-161741","post","type-post","status-publish","format-standard","hentry","category-politica"],"_links":{"self":[{"href":"https:\/\/diariodominicano.com\/index.php?rest_route=\/wp\/v2\/posts\/161741","targetHints":{"allow":["GET"]}}],"collection":[{"href":"https:\/\/diariodominicano.com\/index.php?rest_route=\/wp\/v2\/posts"}],"about":[{"href":"https:\/\/diariodominicano.com\/index.php?rest_route=\/wp\/v2\/types\/post"}],"author":[{"embeddable":true,"href":"https:\/\/diariodominicano.com\/index.php?rest_route=\/wp\/v2\/users\/3"}],"replies":[{"embeddable":true,"href":"https:\/\/diariodominicano.com\/index.php?rest_route=%2Fwp%2Fv2%2Fcomments&post=161741"}],"version-history":[{"count":0,"href":"https:\/\/diariodominicano.com\/index.php?rest_route=\/wp\/v2\/posts\/161741\/revisions"}],"wp:attachment":[{"href":"https:\/\/diariodominicano.com\/index.php?rest_route=%2Fwp%2Fv2%2Fmedia&parent=161741"}],"wp:term":[{"taxonomy":"category","embeddable":true,"href":"https:\/\/diariodominicano.com\/index.php?rest_route=%2Fwp%2Fv2%2Fcategories&post=161741"},{"taxonomy":"post_tag","embeddable":true,"href":"https:\/\/diariodominicano.com\/index.php?rest_route=%2Fwp%2Fv2%2Ftags&post=161741"}],"curies":[{"name":"wp","href":"https:\/\/api.w.org\/{rel}","templated":true}]}}