{"id":161740,"date":"2014-10-31T18:50:36","date_gmt":"2014-10-31T18:50:36","guid":{"rendered":"http:\/\/diariodominicano.ddns.net\/?p=161740"},"modified":"2014-10-31T18:50:36","modified_gmt":"2014-10-31T18:50:36","slug":"francisco-javier-inaugurara-comando-de-campana-en-puerto-plata","status":"publish","type":"post","link":"https:\/\/diariodominicano.com\/?p=161740","title":{"rendered":"&#13;&#13;Francisco Javier inaugurar\u00e1 comando de campa\u00f1a en Puerto Plata"},"content":{"rendered":"<p><body><\/p>\n<p><img decoding=\"async\" src=\"img3\/franciscojavier.jpg\" \/>  <\/p>\n<\/p>\n<p>Santo Domingo, RD, 31 de octubre.- El precandidato presidencial del Partido de la Liberaci\u00f3n Dominicana, Francisco Javier, estar\u00e1 de visita este s\u00e1bado en la provincia Puerto Plata, en campa\u00f1a proselitista con miras a lograr la candidatura presidencial por el PLD y ganar las elecciones presidenciales de mayo del 2016.<\/p>\n<\/p>\n<p>Como parte del recorrido, Francisco Javier, encabezar\u00e1 un acto pol\u00edtico en apoyo a sus aspiraciones presidenciales de parte de miembros de la base y dirigentes peledeistas, as\u00ed como grupos independientes de la regi\u00f3n.<\/p>\n<\/p>\n<p>El estratega pol\u00edtico del partido morado, inaugurar\u00e1 el comando provincial de campa\u00f1a, en Puerto Plata, municipio cabecera de la provincia, acompa\u00f1ado de cientos de sus seguidores. El local est\u00e1 ubicado en la avenida Manolo Tav\u00e1rez Justo a esquina Torre Alta.<\/p>\n<\/p>\n<p>El acto de inauguraci\u00f3n del comando provincial de campa\u00f1a contar\u00e1 con la presencia y animaci\u00f3n musical del artista juvenil Mozart La Para.<\/p>\n<\/p>\n<p>Adem\u00e1s de Puerto Plata, Francisco Javier, recorrer\u00e1 los municipios de Luper\u00f3n, Maim\u00f3n, Sosua, Los Hidalgos y Guananico, donde se reunir\u00e1 con productores agr\u00edcolas, empresarios, dirigentes comunitarios, y religiosos que le manifiestan su respaldo. <\/p>\n<\/p>\n<p>Es la segunda ocasi\u00f3n en que Javier Garc\u00eda visitar\u00e1 la ciudad de Puerto Plata en su condici\u00f3n de aspirante presidencial.<\/p>\n<h6> 2014-10-31 18:50:36 <\/h6>\n<p><!--\n<link rel=\"stylesheet\" href=\"css\/bootstrap.min.css\">\n\n\n<ul class=\"pagination\">\n\t    \n\t\n\n<li >\n\t<a href='?page_no=14214'>Previous<\/a>\n\t<\/li>\n\n\n       \n    \n\n<li><a href='?page_no=1'>1<\/a><\/li>\n\n\n\n<li><a href='?page_no=2'>2<\/a><\/li>\n\n\n\n<li><a>...<\/a><\/li>\n\n\n\n<li><a href='?page_no=14213'>14213<\/a><\/li>\n\n\n\n<li><a href='?page_no=14214'>14214<\/a><\/li>\n\n\n\n<li class='active'><a>14215<\/a><\/li>\n\n\n\n<li><a href='?page_no=14216'>14216<\/a><\/li>\n\n\n\n<li><a href='?page_no=14217'>14217<\/a><\/li>\n\n\n\n<li><a>...<\/a><\/li>\n\n\n\n<li><a href='?page_no=36999'>36999<\/a><\/li>\n\n\n\n<li><a href='?page_no=37000'>37000<\/a><\/li>\n\n    \n\t\n\n<li >\n\t<a href='?page_no=14216'>Next<\/a>\n\t<\/li>\n\n\n    \n\n<li><a href='?page_no=37000'>Last &rsaquo;&rsaquo;<\/a><\/li>\n\n<\/ul>\n\n\n--><br \/>\n<\/body><\/p>\n","protected":false},"excerpt":{"rendered":"<p>Santo Domingo, RD, 31 de octubre.- El precandidato presidencial del Partido de la Liberaci\u00f3n Dominicana, Francisco Javier, estar\u00e1 de visita este s\u00e1bado en la provincia Puerto Plata, en campa\u00f1a proselitista con miras a lograr la candidatura presidencial por el PLD y ganar las elecciones presidenciales de mayo del 2016. Como parte del recorrido, Francisco Javier, [&hellip;]<\/p>\n","protected":false},"author":3,"featured_media":0,"comment_status":"open","ping_status":"open","sticky":false,"template":"","format":"standard","meta":{"footnotes":""},"categories":[22],"tags":[],"class_list":["post-161740","post","type-post","status-publish","format-standard","hentry","category-politica"],"_links":{"self":[{"href":"https:\/\/diariodominicano.com\/index.php?rest_route=\/wp\/v2\/posts\/161740","targetHints":{"allow":["GET"]}}],"collection":[{"href":"https:\/\/diariodominicano.com\/index.php?rest_route=\/wp\/v2\/posts"}],"about":[{"href":"https:\/\/diariodominicano.com\/index.php?rest_route=\/wp\/v2\/types\/post"}],"author":[{"embeddable":true,"href":"https:\/\/diariodominicano.com\/index.php?rest_route=\/wp\/v2\/users\/3"}],"replies":[{"embeddable":true,"href":"https:\/\/diariodominicano.com\/index.php?rest_route=%2Fwp%2Fv2%2Fcomments&post=161740"}],"version-history":[{"count":0,"href":"https:\/\/diariodominicano.com\/index.php?rest_route=\/wp\/v2\/posts\/161740\/revisions"}],"wp:attachment":[{"href":"https:\/\/diariodominicano.com\/index.php?rest_route=%2Fwp%2Fv2%2Fmedia&parent=161740"}],"wp:term":[{"taxonomy":"category","embeddable":true,"href":"https:\/\/diariodominicano.com\/index.php?rest_route=%2Fwp%2Fv2%2Fcategories&post=161740"},{"taxonomy":"post_tag","embeddable":true,"href":"https:\/\/diariodominicano.com\/index.php?rest_route=%2Fwp%2Fv2%2Ftags&post=161740"}],"curies":[{"name":"wp","href":"https:\/\/api.w.org\/{rel}","templated":true}]}}