{"id":161739,"date":"2014-10-31T19:02:11","date_gmt":"2014-10-31T19:02:11","guid":{"rendered":"http:\/\/diariodominicano.ddns.net\/?p=161739"},"modified":"2014-10-31T19:02:11","modified_gmt":"2014-10-31T19:02:11","slug":"jovenes-del-prm-proponen-a-sanz-lovaton-como-candidato-a-senador","status":"publish","type":"post","link":"https:\/\/diariodominicano.com\/?p=161739","title":{"rendered":"&#13;&#13;J\u00f3venes del PRM proponen a Sanz Lovat\u00f3n como candidato a senador&#13;"},"content":{"rendered":"<p><body><\/p>\n<p><img decoding=\"async\" src=\"img3\/LOVATON.JPG\" \/>  <\/p>\n<p><span class=\"text1noticias\">Santo Domingo, RD, 31 de octubre.-  Un grupo de directivos de la Juventud Revolucionaria Moderna (JRM) propuso al abogado Eduardo Sanz Lovat\u00f3n como el candidato a senador de consenso del Distrito Nacional en los pr\u00f3ximos comicios.  <\/span><\/p>\n<\/p>\n<p><span class=\"text1noticias\">Los dirigentes afirmaron que Sanz Lovat\u00f3n representa la juventud, la experiencia y la imagen electoral que debe representar la boleta electoral de esa entidad pol\u00edtica.<\/span><\/p>\n<\/p>\n<p><span class=\"text1noticias\">Resaltaron la firme defensa legal que el jurista realiz\u00f3 en beneficio tanto de Hip\u00f3lito Mej\u00eda como de Luis Abinader.<\/span><\/p>\n<\/p>\n<p><span class=\"text1noticias\">\u00abLa trayectoria de Eduardo como profesor universitario y como abogado de ejercicio empresarial lo conecta con la sociedad de hoy y por eso creemos que su candidatura puede ayudar a conectar el PRM con sectores no pol\u00edticos\u00bb, afirm\u00f3 Gloria Reyes, pasada directora de campa\u00f1a juvenil para Hip\u00f3lito Mej\u00eda en el 2012.<\/span><\/p>\n<\/p>\n<p><span class=\"text1noticias\">\u00abYayo es un pol\u00edtico con ideas frescas e impactantes y eso es lo que tiene que mostrar a la sociedad el PRM\u00bb, expuso Marcos Baldera uno de los dirigentes de la juventud del proyecto de Abinader.<\/span><\/p>\n<\/p>\n<p><span class=\"text1noticias\">El secretario nacional de organizaci\u00f3n de la JRM y cercano colaborador de Hip\u00f3lito Mej\u00eda, Eduardo Pe\u00f1a, defini\u00f3 a Sanz Lovaton como el candidato para un consenso que permita derrotar al PLD en la capital.<\/span><\/p>\n<\/p>\n<p><span class=\"text1noticias\">De su lado Sanz Lovat\u00f3n agradeci\u00f3 la iniciativa del grupo juvenil y asegur\u00f3 que su mayor deseo es contribuir con el cambio pol\u00edtico en el pa\u00eds.<\/span><\/p>\n<\/p>\n<p><span class=\"text1noticias\">\u00abTenemos que mostrarle al pa\u00eds que tenemos una propuesta clara frente a los problemas nacionales. El desempleo, la delincuencia y los<\/span><\/p>\n<p><span class=\"text1noticias\">grandes problemas econ\u00f3micos que necesitan de una agenda legislativa que no se detenga\u00bb, enfatiz\u00f3.<\/span><\/p>\n<\/p>\n<p><span class=\"text1noticias\">El catedr\u00e1tico universitario habl\u00f3 de algunas de sus ideas para un congreso unicameral en RD que elimine una serie de duplicidad de funciones y dispendio de recursos que han hecho de la funci\u00f3n del legislador una de clientela pol\u00edtica y no de labor jur\u00eddica.<\/span><\/p>\n<\/p>\n<p><span class=\"text1noticias\">\u00abTenemos que buscar que en nuestra sociedad un maestro, un m\u00e9dico o un polic\u00eda est\u00e9n m\u00e1s alto en nuestras prioridades que cualquier funcionario de quinta categor\u00eda. Tenemos que sanear nuestra econom\u00eda dejando de inyectarla con los esteroides de los pr\u00e9stamos desenfrenados. Para llevar a la luz p\u00fablica una agenda como esta, estoy recogiendo impresiones de una potencial candidatura a Senador. Por todo esto les agradezco la propuesta\u00bb, asever\u00f3.<\/span><\/p>\n<\/p>\n<p><span class=\"text1noticias\">El grupo estuvo integrado por Eduardo Pe\u00f1a, secretario de organizaci\u00f3n, Marco Baldera, secretario electoral, Eddy Arango, secretario de Inform\u00e1tica, Siria Frias, secretaria de salud, Ely Encarnaci\u00f3n, directora de Prensa, Eldita Cantizano, secretario de Cooperaci\u00f3n Internacional, Iv\u00e1n Gonell, subsecretario Nacional, Edward Campusano, presidente de la JRM en la circunscripci\u00f3n 1 y Jos\u00e9 Miguel V\u00e1squez, dirigente de la circunscripci\u00f3n 2.<\/span><\/p>\n<\/p>\n<p><span class=\"text1noticias\">Tambi\u00e9n Francis Valdez, Adriano Medrano y Roberto Ram\u00edrez, dirigentes de la circunscripci\u00f3n 3.<\/span><\/p>\n<h6> 2014-10-31 19:02:11 <\/h6>\n<p><!--\n<link rel=\"stylesheet\" href=\"css\/bootstrap.min.css\">\n\n\n<ul class=\"pagination\">\n\t    \n\t\n\n<li >\n\t<a href='?page_no=14213'>Previous<\/a>\n\t<\/li>\n\n\n       \n    \n\n<li><a href='?page_no=1'>1<\/a><\/li>\n\n\n\n<li><a href='?page_no=2'>2<\/a><\/li>\n\n\n\n<li><a>...<\/a><\/li>\n\n\n\n<li><a href='?page_no=14212'>14212<\/a><\/li>\n\n\n\n<li><a href='?page_no=14213'>14213<\/a><\/li>\n\n\n\n<li class='active'><a>14214<\/a><\/li>\n\n\n\n<li><a href='?page_no=14215'>14215<\/a><\/li>\n\n\n\n<li><a href='?page_no=14216'>14216<\/a><\/li>\n\n\n\n<li><a>...<\/a><\/li>\n\n\n\n<li><a href='?page_no=36999'>36999<\/a><\/li>\n\n\n\n<li><a href='?page_no=37000'>37000<\/a><\/li>\n\n    \n\t\n\n<li >\n\t<a href='?page_no=14215'>Next<\/a>\n\t<\/li>\n\n\n    \n\n<li><a href='?page_no=37000'>Last &rsaquo;&rsaquo;<\/a><\/li>\n\n<\/ul>\n\n\n--><br \/>\n<\/body><\/p>\n","protected":false},"excerpt":{"rendered":"<p>Santo Domingo, RD, 31 de octubre.- Un grupo de directivos de la Juventud Revolucionaria Moderna (JRM) propuso al abogado Eduardo Sanz Lovat\u00f3n como el candidato a senador de consenso del Distrito Nacional en los pr\u00f3ximos comicios. Los dirigentes afirmaron que Sanz Lovat\u00f3n representa la juventud, la experiencia y la imagen electoral que debe representar la [&hellip;]<\/p>\n","protected":false},"author":3,"featured_media":0,"comment_status":"open","ping_status":"open","sticky":false,"template":"","format":"standard","meta":{"footnotes":""},"categories":[22],"tags":[],"class_list":["post-161739","post","type-post","status-publish","format-standard","hentry","category-politica"],"_links":{"self":[{"href":"https:\/\/diariodominicano.com\/index.php?rest_route=\/wp\/v2\/posts\/161739","targetHints":{"allow":["GET"]}}],"collection":[{"href":"https:\/\/diariodominicano.com\/index.php?rest_route=\/wp\/v2\/posts"}],"about":[{"href":"https:\/\/diariodominicano.com\/index.php?rest_route=\/wp\/v2\/types\/post"}],"author":[{"embeddable":true,"href":"https:\/\/diariodominicano.com\/index.php?rest_route=\/wp\/v2\/users\/3"}],"replies":[{"embeddable":true,"href":"https:\/\/diariodominicano.com\/index.php?rest_route=%2Fwp%2Fv2%2Fcomments&post=161739"}],"version-history":[{"count":0,"href":"https:\/\/diariodominicano.com\/index.php?rest_route=\/wp\/v2\/posts\/161739\/revisions"}],"wp:attachment":[{"href":"https:\/\/diariodominicano.com\/index.php?rest_route=%2Fwp%2Fv2%2Fmedia&parent=161739"}],"wp:term":[{"taxonomy":"category","embeddable":true,"href":"https:\/\/diariodominicano.com\/index.php?rest_route=%2Fwp%2Fv2%2Fcategories&post=161739"},{"taxonomy":"post_tag","embeddable":true,"href":"https:\/\/diariodominicano.com\/index.php?rest_route=%2Fwp%2Fv2%2Ftags&post=161739"}],"curies":[{"name":"wp","href":"https:\/\/api.w.org\/{rel}","templated":true}]}}