{"id":161737,"date":"2014-10-31T21:13:33","date_gmt":"2014-10-31T21:13:33","guid":{"rendered":"http:\/\/diariodominicano.ddns.net\/?p=161737"},"modified":"2014-10-31T21:13:33","modified_gmt":"2014-10-31T21:13:33","slug":"de-leon-pide-a-dominicanos-apoyar-a-luis-abinader","status":"publish","type":"post","link":"https:\/\/diariodominicano.com\/?p=161737","title":{"rendered":"De Le\u00f3n pide a dominicanos apoyar a  Luis Abinader"},"content":{"rendered":"<p><body><\/p>\n<p><img decoding=\"async\" src=\"img3\/de leon.jpg\" \/>  <\/p>\n<p><span class=\"text1noticias\">Nueva York, 31 de octubre.- El coordinador general de ultramar del Proyecto de Luis Abinader Presidente 2016, Margarito Carlos De Le\u00f3n, hizo un llamado a los dominicanos que residen en el exterior para que apoyen a ese precandidato a la Presidencia de la Rep\u00fablica por el Partido Revolucionario Moderno (PRM). <\/span><\/p>\n<p><span class=\"text1noticias\"> <\/span><\/p>\n<p><span class=\"text1noticias\">\u00abLos dominicanos que por razones econ\u00f3micas o pol\u00edticas viven en ultramar siempre han mantenido una estrecha influencia con sus familiares que permanecen en la patria, y deber\u00edan de utilizar esa influencia para terminar con el caos econ\u00f3mico, la corrupci\u00f3n, la alta incidencia de asaltos y otros cr\u00edmenes que han proliferado durante los gobiernos de Leonel Fern\u00e1ndez, Danilo Medina y el PLD\u00bb, enfatiz\u00f3 De Le\u00f3n.<\/span><\/p>\n<p><span class=\"text1noticias\"> <\/span><\/p>\n<p><span class=\"text1noticias\">Y afirm\u00f3 que la soluci\u00f3n es que los dominicanos en el exterior se unan al Partido Revolucionario Moderno, invitando  a sus familiares en la patria para que impulsen el triunfo de Luis Abinader, quien es la opci\u00f3n m\u00e1s viable para terminar con el continuismo pelede\u00edsta.<\/span><\/p>\n<p><span class=\"text1noticias\"> <\/span><\/p>\n<p><span class=\"text1noticias\">Exhort\u00f3 a esos dominicanos a empadronarse y proveerse de su c\u00e9dula de identidad y personal, para convertirla en una herramienta de transformaci\u00f3n y cambio mediante el ejercicio del sufragio en las pr\u00f3ximas elecciones de mayo del 2016.<\/span><\/p>\n<p><span class=\"text1noticias\"> <\/span><\/p>\n<p><span class=\"text1noticias\">Al referirse a la elecci\u00f3n del candidato presidencial del PRM, acoto que  debe hacerse lo antes posible.  \u00abTodos en el PRM somos conocedores de las incipientes estructuras pol\u00edticas de esta naciente organizaci\u00f3n, por tanto lo m\u00e1s inteligente es que emulemos las sabias ense\u00f1anzas que nos legara el Dr. Jos\u00e9 Francisco Pe\u00f1a G\u00f3mez, a fin de conseguir la unidad en el partido\u00bb.<\/span><\/p>\n<p><span class=\"text1noticias\"> <\/span><\/p>\n<p><span class=\"text1noticias\">De Le\u00f3n manifest\u00f3: \u00abTenemos que conseguir un gran acuerdo entre Hip\u00f3lito Mej\u00eda, Luis Abinader y el resto del liderazgo, para hacer una convenci\u00f3n pactada, pre-seleccionando al candidato m\u00e1s id\u00f3neo para ofert\u00e1rselo al electorado en la actual coyuntura pol\u00edtica, descartando toda posibilidad de conflicto y  libre de preocupaci\u00f3n para la familia perremeista y la poblaci\u00f3n en general\u00bb.<\/span><\/p>\n<p><span class=\"text1noticias\"> <\/span><\/p>\n<p><span class=\"text1noticias\">Agreg\u00f3 que \u00abla poblaci\u00f3n dominicana est\u00e1 cansada de los conflictos que fueron costumbre en la organizaci\u00f3n que abandonamos. Por tanto, tenemos que demostrar madurez pol\u00edtica para resolver los problemas internos de forma tal que se queden dentro del partido y no fuera, para evitar confusi\u00f3n.<\/span><\/p>\n<p><span class=\"text1noticias\"> <\/span><\/p>\n<p><span class=\"text1noticias\">Las declaraciones de Margarito Carlos De Le\u00f3n fueron vertidas durante su intervenci\u00f3n en el programa Rumbo al Poder con Luis Abinader, que produce y dirige el Dr. Julin Mart\u00ednez por la emisora La Sup<\/span>er 102.<\/p>\n<h6> 2014-10-31 21:13:33 <\/h6>\n<p><!--\n<link rel=\"stylesheet\" href=\"css\/bootstrap.min.css\">\n\n\n<ul class=\"pagination\">\n\t    \n\t\n\n<li >\n\t<a href='?page_no=14211'>Previous<\/a>\n\t<\/li>\n\n\n       \n    \n\n<li><a href='?page_no=1'>1<\/a><\/li>\n\n\n\n<li><a href='?page_no=2'>2<\/a><\/li>\n\n\n\n<li><a>...<\/a><\/li>\n\n\n\n<li><a href='?page_no=14210'>14210<\/a><\/li>\n\n\n\n<li><a href='?page_no=14211'>14211<\/a><\/li>\n\n\n\n<li class='active'><a>14212<\/a><\/li>\n\n\n\n<li><a href='?page_no=14213'>14213<\/a><\/li>\n\n\n\n<li><a href='?page_no=14214'>14214<\/a><\/li>\n\n\n\n<li><a>...<\/a><\/li>\n\n\n\n<li><a href='?page_no=36999'>36999<\/a><\/li>\n\n\n\n<li><a href='?page_no=37000'>37000<\/a><\/li>\n\n    \n\t\n\n<li >\n\t<a href='?page_no=14213'>Next<\/a>\n\t<\/li>\n\n\n    \n\n<li><a href='?page_no=37000'>Last &rsaquo;&rsaquo;<\/a><\/li>\n\n<\/ul>\n\n\n--><br \/>\n<\/body><\/p>\n","protected":false},"excerpt":{"rendered":"<p>Nueva York, 31 de octubre.- El coordinador general de ultramar del Proyecto de Luis Abinader Presidente 2016, Margarito Carlos De Le\u00f3n, hizo un llamado a los dominicanos que residen en el exterior para que apoyen a ese precandidato a la Presidencia de la Rep\u00fablica por el Partido Revolucionario Moderno (PRM). \u00abLos dominicanos que por razones [&hellip;]<\/p>\n","protected":false},"author":3,"featured_media":0,"comment_status":"open","ping_status":"open","sticky":false,"template":"","format":"standard","meta":{"footnotes":""},"categories":[22],"tags":[],"class_list":["post-161737","post","type-post","status-publish","format-standard","hentry","category-politica"],"_links":{"self":[{"href":"https:\/\/diariodominicano.com\/index.php?rest_route=\/wp\/v2\/posts\/161737","targetHints":{"allow":["GET"]}}],"collection":[{"href":"https:\/\/diariodominicano.com\/index.php?rest_route=\/wp\/v2\/posts"}],"about":[{"href":"https:\/\/diariodominicano.com\/index.php?rest_route=\/wp\/v2\/types\/post"}],"author":[{"embeddable":true,"href":"https:\/\/diariodominicano.com\/index.php?rest_route=\/wp\/v2\/users\/3"}],"replies":[{"embeddable":true,"href":"https:\/\/diariodominicano.com\/index.php?rest_route=%2Fwp%2Fv2%2Fcomments&post=161737"}],"version-history":[{"count":0,"href":"https:\/\/diariodominicano.com\/index.php?rest_route=\/wp\/v2\/posts\/161737\/revisions"}],"wp:attachment":[{"href":"https:\/\/diariodominicano.com\/index.php?rest_route=%2Fwp%2Fv2%2Fmedia&parent=161737"}],"wp:term":[{"taxonomy":"category","embeddable":true,"href":"https:\/\/diariodominicano.com\/index.php?rest_route=%2Fwp%2Fv2%2Fcategories&post=161737"},{"taxonomy":"post_tag","embeddable":true,"href":"https:\/\/diariodominicano.com\/index.php?rest_route=%2Fwp%2Fv2%2Ftags&post=161737"}],"curies":[{"name":"wp","href":"https:\/\/api.w.org\/{rel}","templated":true}]}}