{"id":161736,"date":"2014-11-01T13:48:56","date_gmt":"2014-11-01T13:48:56","guid":{"rendered":"http:\/\/diariodominicano.ddns.net\/?p=161736"},"modified":"2014-11-01T13:48:56","modified_gmt":"2014-11-01T13:48:56","slug":"senador-pld-llama-a-continuar-ejemplo-del-profesor-juan-bosch","status":"publish","type":"post","link":"https:\/\/diariodominicano.com\/?p=161736","title":{"rendered":"Senador PLD llama a continuar ejemplo del profesor Juan Bosch"},"content":{"rendered":"<p><body><\/p>\n<p><img decoding=\"async\" src=\"img3\/gala 1.jpg\" \/>  <\/p>\n<p>San Crist\u00f3bal RD 1 noviembre.- Al cumplirse el d\u00e9cimo tercer  aniversario del fallecimiento del profesor Juan Bosch, el senador Tommy Gal\u00e1n, lo calific\u00f3 como la figura m\u00e1s impoluta de la pol\u00edtica dominicana.<\/p>\n<\/p>\n<p>Afirm\u00f3 que la figura de Bosch tiene dimensiones universales, logradas por su honorabilidad, transparencia y diafanidad.<\/p>\n<\/p>\n<p>Dijo que el mejor tributo que se puede brindar a esa excelsa figura del ex presidente de la Rep\u00fablica, es la de continuar su ejemplo.<\/p>\n<\/p>\n<p>\u00abDon Juan Bosch, naci\u00f3 para servir. Ese ilustre hombre de las letras que abraz\u00f3 la pol\u00edtica, fue principal sue\u00f1o fue el lograr la mejor\u00eda de las condiciones de vida de los dominicanos\u00bb, dijo Gal\u00e1n.<\/p>\n<\/p>\n<p>Dijo que por ello, y siguiendo los lineamientos del profesor Bosch \u00abtodos tenemos que ponernos de acuerdo para lograr una Rep\u00fablica Dominicana m\u00e1s pr\u00f3spera.<\/p>\n<\/p>\n<p>El senador sancristobalense aprovech\u00f3 para hacer un llamado a la juventud a prepararse, tal y como lo pregonaba siempre Don Juan.<\/p>\n<\/p>\n<p>\u00abLos j\u00f3venes dominicanos deben prepararse intelectual y acad\u00e9micamente para servir al pa\u00eds\u00bb, se\u00f1al\u00f3.<\/p>\n<\/p>\n<p>Expres\u00f3 que tal y como dec\u00eda el profesor Juan Bosch, un pa\u00eds sin j\u00f3venes preparados, no tiene futuro.<\/p>\n<h6> 2014-11-01 13:48:56 <\/h6>\n<p><!--\n<link rel=\"stylesheet\" href=\"css\/bootstrap.min.css\">\n\n\n<ul class=\"pagination\">\n\t    \n\t\n\n<li >\n\t<a href='?page_no=14210'>Previous<\/a>\n\t<\/li>\n\n\n       \n    \n\n<li><a href='?page_no=1'>1<\/a><\/li>\n\n\n\n<li><a href='?page_no=2'>2<\/a><\/li>\n\n\n\n<li><a>...<\/a><\/li>\n\n\n\n<li><a href='?page_no=14209'>14209<\/a><\/li>\n\n\n\n<li><a href='?page_no=14210'>14210<\/a><\/li>\n\n\n\n<li class='active'><a>14211<\/a><\/li>\n\n\n\n<li><a href='?page_no=14212'>14212<\/a><\/li>\n\n\n\n<li><a href='?page_no=14213'>14213<\/a><\/li>\n\n\n\n<li><a>...<\/a><\/li>\n\n\n\n<li><a href='?page_no=36999'>36999<\/a><\/li>\n\n\n\n<li><a href='?page_no=37000'>37000<\/a><\/li>\n\n    \n\t\n\n<li >\n\t<a href='?page_no=14212'>Next<\/a>\n\t<\/li>\n\n\n    \n\n<li><a href='?page_no=37000'>Last &rsaquo;&rsaquo;<\/a><\/li>\n\n<\/ul>\n\n\n--><br \/>\n<\/body><\/p>\n","protected":false},"excerpt":{"rendered":"<p>San Crist\u00f3bal RD 1 noviembre.- Al cumplirse el d\u00e9cimo tercer aniversario del fallecimiento del profesor Juan Bosch, el senador Tommy Gal\u00e1n, lo calific\u00f3 como la figura m\u00e1s impoluta de la pol\u00edtica dominicana. Afirm\u00f3 que la figura de Bosch tiene dimensiones universales, logradas por su honorabilidad, transparencia y diafanidad. Dijo que el mejor tributo que se [&hellip;]<\/p>\n","protected":false},"author":3,"featured_media":0,"comment_status":"open","ping_status":"open","sticky":false,"template":"","format":"standard","meta":{"footnotes":""},"categories":[22],"tags":[],"class_list":["post-161736","post","type-post","status-publish","format-standard","hentry","category-politica"],"_links":{"self":[{"href":"https:\/\/diariodominicano.com\/index.php?rest_route=\/wp\/v2\/posts\/161736","targetHints":{"allow":["GET"]}}],"collection":[{"href":"https:\/\/diariodominicano.com\/index.php?rest_route=\/wp\/v2\/posts"}],"about":[{"href":"https:\/\/diariodominicano.com\/index.php?rest_route=\/wp\/v2\/types\/post"}],"author":[{"embeddable":true,"href":"https:\/\/diariodominicano.com\/index.php?rest_route=\/wp\/v2\/users\/3"}],"replies":[{"embeddable":true,"href":"https:\/\/diariodominicano.com\/index.php?rest_route=%2Fwp%2Fv2%2Fcomments&post=161736"}],"version-history":[{"count":0,"href":"https:\/\/diariodominicano.com\/index.php?rest_route=\/wp\/v2\/posts\/161736\/revisions"}],"wp:attachment":[{"href":"https:\/\/diariodominicano.com\/index.php?rest_route=%2Fwp%2Fv2%2Fmedia&parent=161736"}],"wp:term":[{"taxonomy":"category","embeddable":true,"href":"https:\/\/diariodominicano.com\/index.php?rest_route=%2Fwp%2Fv2%2Fcategories&post=161736"},{"taxonomy":"post_tag","embeddable":true,"href":"https:\/\/diariodominicano.com\/index.php?rest_route=%2Fwp%2Fv2%2Ftags&post=161736"}],"curies":[{"name":"wp","href":"https:\/\/api.w.org\/{rel}","templated":true}]}}