{"id":161733,"date":"2014-11-01T14:49:50","date_gmt":"2014-11-01T14:49:50","guid":{"rendered":"http:\/\/diariodominicano.ddns.net\/?p=161733"},"modified":"2014-11-01T14:49:50","modified_gmt":"2014-11-01T14:49:50","slug":"afirma-el-tema-de-la-reeleccion-no-esta-en-la-agenda-de-danilo-medina","status":"publish","type":"post","link":"https:\/\/diariodominicano.com\/?p=161733","title":{"rendered":"Afirma el tema de la reelecci\u00f3n no est\u00e1 en la agenda de Danilo Medina"},"content":{"rendered":"<p><body><\/p>\n<p><img decoding=\"async\" src=\"img3\/mujer1.jpg\" \/>  <\/p>\n<\/p>\n<p>Santo Domingo RD 1 noviembre.- Alejandrina Germ\u00e1n, integrante del Comit\u00e9 Pol\u00edtico del Partido de la Liberaci\u00f3n Dominicana, asegur\u00f3 que, debido a la gran popularidad que tiene y  los altos niveles de aceptaci\u00f3n de su buen gobierno, el presidente Danilo Medina ganar\u00eda f\u00e1cilmente las pr\u00f3ximas elecciones, aunque al mandatario le resultar\u00eda muy dif\u00edcil solicitar una reforma a la Constituci\u00f3n s\u00f3lo para reelegirse, debido a sus valores. <\/p>\n<\/p>\n<p>Al ser cuestionada, en el programa \u00abAN7 al Amanecer\u00bb   sobre la posibilidad de que el presidente Danilo Medina se reelija en los pr\u00f3ximos comicios, Alejandrina Germ\u00e1n consider\u00f3 que es el propio  mandatario  quien debe emitir su opini\u00f3n en el momento adecuado si aspira o no a quedarse en el poder por cuatro a\u00f1os m\u00e1s, debido a que hay una disposici\u00f3n constitucional que impide la reelecci\u00f3n. <\/p>\n<\/p>\n<p>\u00abLo que conocemos al presidente Danilo Medina sabemos que a \u00e9l le resultar\u00eda muy  dif\u00edcil decir \u00b4vamos a hacer una nueva reforma a la Constituci\u00f3n\u00b4 s\u00f3lo para que le permitan la reelecci\u00f3n, no obstante ser\u00eda una decisi\u00f3n que \u00e9l debe comunicar al Comit\u00e9 Pol\u00edtico, que en el momento oportuno decidir\u00eda lo que le conviene m\u00e1s al pa\u00eds y se agotar\u00edan los procedimientos que haya que agotar\u00bb, precis\u00f3 Germ\u00e1n. <\/p>\n<\/p>\n<p>La titular de Formaci\u00f3n Pol\u00edtica del PLD dijo que si se estudia la  historia de la Constituci\u00f3n Dominicana, que generalmente se hace en Formaci\u00f3n Pol\u00edtica a lo interno del PLD, nos damos cuenta que la mayor\u00eda de los cambios constitucionales que se han producido han sido de manera coyuntural, para atender a cuestiones  particulares, a excepci\u00f3n de la Constituci\u00f3n del a\u00f1o 2010 en la que se hizo una reforma integral con la participaci\u00f3n del pueblo dominicano. <\/p>\n<\/p>\n<p>\u00abEl \u00fanico caso que se hizo que se hizo una reforma integral de amplio alcance,  con una gran participaci\u00f3n de la poblaci\u00f3n dominicana,  que result\u00f3 de una consulta popular de amplio alcance, para poder definir cu\u00e1l era el pa\u00eds que quer\u00edamos: un Estado social democr\u00e1tico de derechos\u00bb, agreg\u00f3.  <\/p>\n<\/p>\n<p>Dice representaci\u00f3n femenina debe avanzar <\/p>\n<\/p>\n<p>Asegur\u00f3 que la representaci\u00f3n femenina en el sistema de partidos  pol\u00edticos en la Rep\u00fablica Dominicana debe avanzar hacia la paridad, garantizando la participaci\u00f3n de mujeres y hombres en igualdad de oportunidades. <\/p>\n<\/p>\n<p>La tambi\u00e9n ministra de la Mujer indic\u00f3 que a lo interno de los partidos pol\u00edticos la cuota de participaci\u00f3n femenina del 33 por ciento est\u00e1 superado, debido a que en los \u00faltimos comicios la Junta Central Electoral fue exigente con el  respeto a la cuota femenina, aunque el voto preferencial impide el acceso  de las mujeres a los puestos legislativos. <\/p>\n<\/p>\n<p>\u00abSi Rep\u00fablica Dominicana es la sede de todo lo que tiene que ver con la representaci\u00f3n de la lucha  contra la violencia contra las mujeres e intrafamiliar y el s\u00edmbolo de las  Hermanas Mirabal, a nosotros nos toca como pa\u00eds, al igual que lo han hecho otros pa\u00edses de Latinoam\u00e9rica\u00bb, agreg\u00f3 Germ\u00e1n en declaraciones rese\u00f1adas por la Secretar\u00eda de Comunicaciones del PLD. <\/p>\n<\/p>\n<p>Manifest\u00f3 que las mujeres militan activamente en los partidos pol\u00edticos y son la mayor\u00eda en los padrones de los mismos, pero que debido a la discriminaci\u00f3n y el trabajo diferenciado que impera en el pa\u00eds la mayor\u00eda de las mujeres que participa en pol\u00edtica no llega a los niveles de direcci\u00f3n. <\/p>\n<\/p>\n<p>Dijo que en el caso del PLD para las elecciones del Comit\u00e9 Central se trat\u00f3 de que las mujeres pudieran participar y  competir en el proceso interno, por lo que se puede decir que se ha avanzado bastante. <\/p>\n<\/p>\n<p>Consider\u00f3 que la sociedad en su conjunto debe cambiar valores, actitudes y convicciones, para poder avanzar y entender que hombres y mujeres deben tener igualdad de derechos y oportunidades. <\/p>\n<\/p>\n<p>Se\u00f1al\u00f3 que en el estudio Mujer y Pol\u00edtica se concluy\u00f3 que las mujeres son m\u00e1s responsables, m\u00e1s honradas  y tienen mayor capacidad para dirigir que los hombres, pero sin embargo eso no se refleja en los votos emitidos a favor de las mujeres durante los procesos electivos, realidad que toda la sociedad, pero especialmente las propias mujeres electoras, est\u00e1 llamada a cambiar. <\/p>\n<\/p>\n<h6> 2014-11-01 14:49:50 <\/h6>\n<p><!--\n<link rel=\"stylesheet\" href=\"css\/bootstrap.min.css\">\n\n\n<ul class=\"pagination\">\n\t    \n\t\n\n<li >\n\t<a href='?page_no=14208'>Previous<\/a>\n\t<\/li>\n\n\n       \n    \n\n<li><a href='?page_no=1'>1<\/a><\/li>\n\n\n\n<li><a href='?page_no=2'>2<\/a><\/li>\n\n\n\n<li><a>...<\/a><\/li>\n\n\n\n<li><a href='?page_no=14207'>14207<\/a><\/li>\n\n\n\n<li><a href='?page_no=14208'>14208<\/a><\/li>\n\n\n\n<li class='active'><a>14209<\/a><\/li>\n\n\n\n<li><a href='?page_no=14210'>14210<\/a><\/li>\n\n\n\n<li><a href='?page_no=14211'>14211<\/a><\/li>\n\n\n\n<li><a>...<\/a><\/li>\n\n\n\n<li><a href='?page_no=36999'>36999<\/a><\/li>\n\n\n\n<li><a href='?page_no=37000'>37000<\/a><\/li>\n\n    \n\t\n\n<li >\n\t<a href='?page_no=14210'>Next<\/a>\n\t<\/li>\n\n\n    \n\n<li><a href='?page_no=37000'>Last &rsaquo;&rsaquo;<\/a><\/li>\n\n<\/ul>\n\n\n--><br \/>\n<\/body><\/p>\n","protected":false},"excerpt":{"rendered":"<p>Santo Domingo RD 1 noviembre.- Alejandrina Germ\u00e1n, integrante del Comit\u00e9 Pol\u00edtico del Partido de la Liberaci\u00f3n Dominicana, asegur\u00f3 que, debido a la gran popularidad que tiene y los altos niveles de aceptaci\u00f3n de su buen gobierno, el presidente Danilo Medina ganar\u00eda f\u00e1cilmente las pr\u00f3ximas elecciones, aunque al mandatario le resultar\u00eda muy dif\u00edcil solicitar una reforma [&hellip;]<\/p>\n","protected":false},"author":3,"featured_media":0,"comment_status":"open","ping_status":"open","sticky":false,"template":"","format":"standard","meta":{"footnotes":""},"categories":[22],"tags":[],"class_list":["post-161733","post","type-post","status-publish","format-standard","hentry","category-politica"],"_links":{"self":[{"href":"https:\/\/diariodominicano.com\/index.php?rest_route=\/wp\/v2\/posts\/161733","targetHints":{"allow":["GET"]}}],"collection":[{"href":"https:\/\/diariodominicano.com\/index.php?rest_route=\/wp\/v2\/posts"}],"about":[{"href":"https:\/\/diariodominicano.com\/index.php?rest_route=\/wp\/v2\/types\/post"}],"author":[{"embeddable":true,"href":"https:\/\/diariodominicano.com\/index.php?rest_route=\/wp\/v2\/users\/3"}],"replies":[{"embeddable":true,"href":"https:\/\/diariodominicano.com\/index.php?rest_route=%2Fwp%2Fv2%2Fcomments&post=161733"}],"version-history":[{"count":0,"href":"https:\/\/diariodominicano.com\/index.php?rest_route=\/wp\/v2\/posts\/161733\/revisions"}],"wp:attachment":[{"href":"https:\/\/diariodominicano.com\/index.php?rest_route=%2Fwp%2Fv2%2Fmedia&parent=161733"}],"wp:term":[{"taxonomy":"category","embeddable":true,"href":"https:\/\/diariodominicano.com\/index.php?rest_route=%2Fwp%2Fv2%2Fcategories&post=161733"},{"taxonomy":"post_tag","embeddable":true,"href":"https:\/\/diariodominicano.com\/index.php?rest_route=%2Fwp%2Fv2%2Ftags&post=161733"}],"curies":[{"name":"wp","href":"https:\/\/api.w.org\/{rel}","templated":true}]}}