{"id":161732,"date":"2014-11-01T15:03:03","date_gmt":"2014-11-01T15:03:03","guid":{"rendered":"http:\/\/diariodominicano.ddns.net\/?p=161732"},"modified":"2014-11-01T15:03:03","modified_gmt":"2014-11-01T15:03:03","slug":"movimiento-generaciones-con-fernando-realiza-presentacion-en-apoyo-a-fernando-rosa","status":"publish","type":"post","link":"https:\/\/diariodominicano.com\/?p=161732","title":{"rendered":"Movimiento \u00abGeneraciones con Fernando\u00bb realiza presentaci\u00f3n en apoyo a Fernando Rosa"},"content":{"rendered":"<p><body><\/p>\n<p>Santiago RD 1 noviembre.- En una noche llena de alegr\u00eda y emociones el Movimiento \u00abGeneraciones con Fernando\u00bb realizo su presentaci\u00f3n en apoyo a la Precandidatura a la alcald\u00eda por Santiago del Licenciado Fernando Rosa en el bar Mois\u00e9s Zouain del Gran Teatro del Cibao.<\/p>\n<\/p>\n<p>El  Movimiento \u00abGeneraciones con Fernando\u00bb est\u00e1 conformado por la familia Rosa, Ceballo, Paulino y Fern\u00e1ndez quienes se comprometieron a trabajar para que Fernando Rosa sea el pr\u00f3ximo alcalde de los santiagueros todos.<\/p>\n<\/p>\n<p>Las palabras de bienvenida estuvieron a cargo de la joven Laura Mejia Taveras quien dijo que el Movimiento \u00abGeneraciones con Fernando\u00bb es un proyecto pol\u00edtico donde agrupamos a todos los familiares y amigos, sin importar su simpat\u00eda partidaria, con un solo prop\u00f3sito com\u00fan, que es llevar a Fernando Rosa al palacio municipal de la ciudad coraz\u00f3n en el 2016.<\/p>\n<\/p>\n<p>\u00abVivir en Santiago era vivir en un medio ambiente sano y saludable con clima agradable, con poca contaminaci\u00f3n, y sus calles limpias, un tr\u00e1nsito vehicular organizado, sus calles iluminadas y seguras, apacibles, arbolizadas con su Yaque dormil\u00f3n. Santiago era Santiago la ciudad coraz\u00f3n, pero desde que en el 1994, cuando el PLD, entrego la administraci\u00f3n a otro partido las cosas han cambiando para mal, pero la esperanza es lo \u00faltimo que se pierde y Fernando Rosa  devolver\u00e1 nuestra ciudad tal y como era antes o mejor\u00bb dijo Laura Mej\u00eda Taveras.<\/p>\n<\/p>\n<p>En otro orden, la se\u00f1ora Pura Burgos quien es la coordinadora del Movimiento, dio lectura al perfil del candidato, el cual lo describi\u00f3 como un gran ser humano coherente, responsable, sensible, respetuoso, con capacidad de escuchar y empat\u00eda.<\/p>\n<\/p>\n<p>Dijo \u00abEl Licenciado Fernando Rosa un l\u00edder que contesta sus llamadas telef\u00f3nicas, que lo recibe en su despacho o en su hogar, es una persona con alto grado de sensibilidad extraordinaria es el verdadero l\u00edder y accesible que todas y todos los Santiagueros debemos tener dirigiendo los destinos de la ciudad de Santiago\u00bb sostuvo Pura.<\/p>\n<\/p>\n<p>Luego la palabras centrales estuvieron a cargo de Sofia Ceballo quien hablo a nombre de representaci\u00f3n de los viejos, sostuvo que el Movimiento \u00abGeneraciones con Fernando\u00bb nace en el seno en el mismo de la familia de Fernando, como un reconocimiento a su valor, su entrega y responsabilidad, sin embargo, ha sido tal la aceptaci\u00f3n de esta Precandidatura, que ha sido imposible no traspasar las barreras de los lazo familiares y hemos tenido que hacerlo extensivo nuestros m\u00e1s cercano amigos, que hoy est\u00e1n acompa\u00f1\u00e1ndonos.<\/p>\n<\/p>\n<p>\u00abLa creaci\u00f3n de este Movimiento fue el resultado de una serie de respuestas positiva por parte de familiares, amigos y vecinos hacia Fernando Rosa, el cual hicieron que \u00abGeneraciones con Fernando\u00bb hoy en d\u00eda le est\u00e9 dando un gran apoyo al que en el 2016 con la ayuda de Dios, ser\u00e1 el alcalde de Santiago\u00bb dijo<\/p>\n<\/p>\n<p>Dijo que Fernando Rosa ha sido capaz de cuidar los aspectos esenciales que le dan sentido y vigencia a su familia, por eso, da seguimiento a los detalles, organizando sus prioridades sin descuidar ese activo esencial que para el constituye la familia, porque tiene la convicci\u00f3n de que en la familia radica la fuerza de ser humano.<\/p>\n<\/p>\n<p>Mientras que el licenciado Fernando Rosa agradeci\u00f3 el Movimiento \u00abGeneraciones con Fernando\u00bb el respaldo ofrecido a su candidatura a la alcald\u00eda por Santiago, y record\u00f3 que es un conocedor de los problemas econ\u00f3micos y sociales Santiago, por lo que desde el gobierno sabr\u00e1 enfrentarlo y solucionarlos.<\/p>\n<\/p>\n<p>Adem\u00e1s dijo \u00abAgradezco infinitamente a todos y todas que hayan puesto la confianza en m\u00ed, as\u00ed como tambi\u00e9n la decisi\u00f3n de que me apoyen este proyecto el cual busco  mejorar la forma de contribuir a reducir los niveles de inequidad que afectan a la sociedad de Santiago es trabajando de forma activa en la pol\u00edtica, para constituirnos en un ente trasformador y propulsor de soluciones a los problemas que afecten nuestro entorno\u00bb.<\/p>\n<\/p>\n<p>El Licenciado Fernando Rosa estuvo acompa\u00f1ado de su esposa Esperanza Rodr\u00edguez de Rosa y de sus hijas Fernanda y Diasmiry Rosa, as\u00ed como equipo de campa\u00f1a de su candidatura.<\/p>\n<h6> 2014-11-01 15:03:03 <\/h6>\n<p><!--\n<link rel=\"stylesheet\" href=\"css\/bootstrap.min.css\">\n\n\n<ul class=\"pagination\">\n\t    \n\t\n\n<li >\n\t<a href='?page_no=14207'>Previous<\/a>\n\t<\/li>\n\n\n       \n    \n\n<li><a href='?page_no=1'>1<\/a><\/li>\n\n\n\n<li><a href='?page_no=2'>2<\/a><\/li>\n\n\n\n<li><a>...<\/a><\/li>\n\n\n\n<li><a href='?page_no=14206'>14206<\/a><\/li>\n\n\n\n<li><a href='?page_no=14207'>14207<\/a><\/li>\n\n\n\n<li class='active'><a>14208<\/a><\/li>\n\n\n\n<li><a href='?page_no=14209'>14209<\/a><\/li>\n\n\n\n<li><a href='?page_no=14210'>14210<\/a><\/li>\n\n\n\n<li><a>...<\/a><\/li>\n\n\n\n<li><a href='?page_no=36999'>36999<\/a><\/li>\n\n\n\n<li><a href='?page_no=37000'>37000<\/a><\/li>\n\n    \n\t\n\n<li >\n\t<a href='?page_no=14209'>Next<\/a>\n\t<\/li>\n\n\n    \n\n<li><a href='?page_no=37000'>Last &rsaquo;&rsaquo;<\/a><\/li>\n\n<\/ul>\n\n\n--><br \/>\n<\/body><\/p>\n","protected":false},"excerpt":{"rendered":"<p>Santiago RD 1 noviembre.- En una noche llena de alegr\u00eda y emociones el Movimiento \u00abGeneraciones con Fernando\u00bb realizo su presentaci\u00f3n en apoyo a la Precandidatura a la alcald\u00eda por Santiago del Licenciado Fernando Rosa en el bar Mois\u00e9s Zouain del Gran Teatro del Cibao. El Movimiento \u00abGeneraciones con Fernando\u00bb est\u00e1 conformado por la familia Rosa, [&hellip;]<\/p>\n","protected":false},"author":3,"featured_media":0,"comment_status":"open","ping_status":"open","sticky":false,"template":"","format":"standard","meta":{"footnotes":""},"categories":[22],"tags":[],"class_list":["post-161732","post","type-post","status-publish","format-standard","hentry","category-politica"],"_links":{"self":[{"href":"https:\/\/diariodominicano.com\/index.php?rest_route=\/wp\/v2\/posts\/161732","targetHints":{"allow":["GET"]}}],"collection":[{"href":"https:\/\/diariodominicano.com\/index.php?rest_route=\/wp\/v2\/posts"}],"about":[{"href":"https:\/\/diariodominicano.com\/index.php?rest_route=\/wp\/v2\/types\/post"}],"author":[{"embeddable":true,"href":"https:\/\/diariodominicano.com\/index.php?rest_route=\/wp\/v2\/users\/3"}],"replies":[{"embeddable":true,"href":"https:\/\/diariodominicano.com\/index.php?rest_route=%2Fwp%2Fv2%2Fcomments&post=161732"}],"version-history":[{"count":0,"href":"https:\/\/diariodominicano.com\/index.php?rest_route=\/wp\/v2\/posts\/161732\/revisions"}],"wp:attachment":[{"href":"https:\/\/diariodominicano.com\/index.php?rest_route=%2Fwp%2Fv2%2Fmedia&parent=161732"}],"wp:term":[{"taxonomy":"category","embeddable":true,"href":"https:\/\/diariodominicano.com\/index.php?rest_route=%2Fwp%2Fv2%2Fcategories&post=161732"},{"taxonomy":"post_tag","embeddable":true,"href":"https:\/\/diariodominicano.com\/index.php?rest_route=%2Fwp%2Fv2%2Ftags&post=161732"}],"curies":[{"name":"wp","href":"https:\/\/api.w.org\/{rel}","templated":true}]}}