{"id":161731,"date":"2014-11-01T17:07:12","date_gmt":"2014-11-01T17:07:12","guid":{"rendered":"http:\/\/diariodominicano.ddns.net\/?p=161731"},"modified":"2014-11-01T17:07:12","modified_gmt":"2014-11-01T17:07:12","slug":"diputada-minou-tavarez-mirabal-no-descarta-ser-candidata-presidencial-en-el-2016","status":"publish","type":"post","link":"https:\/\/diariodominicano.com\/?p=161731","title":{"rendered":"Diputada Minou Tav\u00e1rez Mirabal no descarta ser candidata presidencial en el 2016"},"content":{"rendered":"<p><body><\/p>\n<p><img decoding=\"async\" src=\"img3\/Minou.jpg\" \/>  <\/p>\n<p><span class=\"text1noticias\">Santo Domingo, RD, 1 de Noviembre.- La diputada Minou Tav\u00e1rez Mirabal dijo que no descarta la posibilidad de presentarse como candidata presidencial en las elecciones del 2016, resaltando que el pueblo est\u00e1 esperando una alternativa en los pol\u00edticos que dirigen el pa\u00eds.<\/span><\/p>\n<\/p>\n<p><span class=\"text1noticias\">Tav\u00e1rez se ofreci\u00f3 como una opci\u00f3n para lograr un cambio pol\u00edtico que se realice desde la presidencia hasta los gobiernos locales.<\/span><\/p>\n<\/p>\n<p><span class=\"text1noticias\">La legisladora se expres\u00f3 en estas palabras al ser entrevistada por el periodista Salvador Holgu\u00edn en el programa Hilando Fino que se transmite por Teleradio Am\u00e9rica canal 45 de lunes a viernes a las 8:00 AM. <\/span><\/p>\n<\/p>\n<p><span class=\"text1noticias\">Minou Tav\u00e1rez se\u00f1al\u00f3 que el pa\u00eds est\u00e1 lleno de gente buena que se siente traicionada y harta de que se le despojen de sus aspiraciones, por lo que necesita una nueva visi\u00f3n.<\/span><\/p>\n<\/p>\n<p><strong><span class=\"text1noticias\">Proyecto pol\u00edtico<\/span><\/strong><\/p>\n<\/p>\n<p><span class=\"text1noticias\">Minou Tav\u00e1rez Mirabal comunic\u00f3 que conformar\u00e1 una nueva organizaci\u00f3n pol\u00edtica y que ya present\u00f3 los documentos correspondientes frente a la Junta Central Electoral (JCE).<\/span><\/p>\n<\/p>\n<p><span class=\"text1noticias\">Expres\u00f3 que a\u00fan hay tiempo para presentar un nuevo camino a la sociedad, y para tocar el coraz\u00f3n del pueblo dominicano.<\/span><\/p>\n<\/p>\n<p><span class=\"text1noticias\">La diputada manifest\u00f3 que los pol\u00edticos no solo deben tener proyectos y propuestas, que en ocasiones no cumplen, sino que deben de arrastrar una biograf\u00eda, de trabajo, responsabilidad y compromiso.<\/span><\/p>\n<\/p>\n<p><span class=\"text1noticias\">Minou Tav\u00e1rez resalt\u00f3 que defender los intereses colectivo de la patria es lo que deber\u00eda mover a los partidos, aunque reconoci\u00f3 que los organizaciones pol\u00edticas se han olvidada de este objetivo.<\/span><\/p>\n<\/p>\n<p><span class=\"text1noticias\">En este sentido expres\u00f3 que se siente comprometida con el pa\u00eds y que nunca le ha fallado el pulso al momento de defender los intereses de los dominicanos.(HG)<\/span>.<\/p>\n<h6> 2014-11-01 17:07:12 <\/h6>\n<p><!--\n<link rel=\"stylesheet\" href=\"css\/bootstrap.min.css\">\n\n\n<ul class=\"pagination\">\n\t    \n\t\n\n<li >\n\t<a href='?page_no=14206'>Previous<\/a>\n\t<\/li>\n\n\n       \n    \n\n<li><a href='?page_no=1'>1<\/a><\/li>\n\n\n\n<li><a href='?page_no=2'>2<\/a><\/li>\n\n\n\n<li><a>...<\/a><\/li>\n\n\n\n<li><a href='?page_no=14205'>14205<\/a><\/li>\n\n\n\n<li><a href='?page_no=14206'>14206<\/a><\/li>\n\n\n\n<li class='active'><a>14207<\/a><\/li>\n\n\n\n<li><a href='?page_no=14208'>14208<\/a><\/li>\n\n\n\n<li><a href='?page_no=14209'>14209<\/a><\/li>\n\n\n\n<li><a>...<\/a><\/li>\n\n\n\n<li><a href='?page_no=36999'>36999<\/a><\/li>\n\n\n\n<li><a href='?page_no=37000'>37000<\/a><\/li>\n\n    \n\t\n\n<li >\n\t<a href='?page_no=14208'>Next<\/a>\n\t<\/li>\n\n\n    \n\n<li><a href='?page_no=37000'>Last &rsaquo;&rsaquo;<\/a><\/li>\n\n<\/ul>\n\n\n--><br \/>\n<\/body><\/p>\n","protected":false},"excerpt":{"rendered":"<p>Santo Domingo, RD, 1 de Noviembre.- La diputada Minou Tav\u00e1rez Mirabal dijo que no descarta la posibilidad de presentarse como candidata presidencial en las elecciones del 2016, resaltando que el pueblo est\u00e1 esperando una alternativa en los pol\u00edticos que dirigen el pa\u00eds. Tav\u00e1rez se ofreci\u00f3 como una opci\u00f3n para lograr un cambio pol\u00edtico que se [&hellip;]<\/p>\n","protected":false},"author":3,"featured_media":0,"comment_status":"open","ping_status":"open","sticky":false,"template":"","format":"standard","meta":{"footnotes":""},"categories":[22],"tags":[],"class_list":["post-161731","post","type-post","status-publish","format-standard","hentry","category-politica"],"_links":{"self":[{"href":"https:\/\/diariodominicano.com\/index.php?rest_route=\/wp\/v2\/posts\/161731","targetHints":{"allow":["GET"]}}],"collection":[{"href":"https:\/\/diariodominicano.com\/index.php?rest_route=\/wp\/v2\/posts"}],"about":[{"href":"https:\/\/diariodominicano.com\/index.php?rest_route=\/wp\/v2\/types\/post"}],"author":[{"embeddable":true,"href":"https:\/\/diariodominicano.com\/index.php?rest_route=\/wp\/v2\/users\/3"}],"replies":[{"embeddable":true,"href":"https:\/\/diariodominicano.com\/index.php?rest_route=%2Fwp%2Fv2%2Fcomments&post=161731"}],"version-history":[{"count":0,"href":"https:\/\/diariodominicano.com\/index.php?rest_route=\/wp\/v2\/posts\/161731\/revisions"}],"wp:attachment":[{"href":"https:\/\/diariodominicano.com\/index.php?rest_route=%2Fwp%2Fv2%2Fmedia&parent=161731"}],"wp:term":[{"taxonomy":"category","embeddable":true,"href":"https:\/\/diariodominicano.com\/index.php?rest_route=%2Fwp%2Fv2%2Fcategories&post=161731"},{"taxonomy":"post_tag","embeddable":true,"href":"https:\/\/diariodominicano.com\/index.php?rest_route=%2Fwp%2Fv2%2Ftags&post=161731"}],"curies":[{"name":"wp","href":"https:\/\/api.w.org\/{rel}","templated":true}]}}