{"id":161730,"date":"2014-11-01T19:01:51","date_gmt":"2014-11-01T19:01:51","guid":{"rendered":"http:\/\/diariodominicano.ddns.net\/?p=161730"},"modified":"2014-11-01T19:01:51","modified_gmt":"2014-11-01T19:01:51","slug":"quique-antun-dice-voracidad-de-algunos-ricos-es-principal-causa-de-pobreza-en-rd","status":"publish","type":"post","link":"https:\/\/diariodominicano.com\/?p=161730","title":{"rendered":"Quique Ant\u00fan dice voracidad de algunos ricos es principal causa de pobreza en RD"},"content":{"rendered":"<p><body><\/p>\n<p><img decoding=\"async\" src=\"img3\/quique.jpg\" \/>  <\/p>\n<p><span class=\"text1noticias\">Santo Domingo, RD, 1 de Noviembre.-El presidente del Partido Reformista Social Cristiano (PRSC), ingeniero Federico Ant\u00fan Batlle (Quique), declar\u00f3 aqu\u00ed que la voracidad de algunos ricos es la principal causa de la expansi\u00f3n de la pobreza en la Rep\u00fablica Dominicana.<\/span><\/p>\n<\/p>\n<p><span class=\"text1noticias\">Dijo que hay gente de dinero que se ha empoderado de la naci\u00f3n, reduciendo sustancialmente la posibilidad de distribuir con equidad la riqueza que genera el pa\u00eds.<\/span><\/p>\n<\/p>\n<p><span class=\"text1noticias\">En ese sentido, dijo que la riqueza se ha concentrado en un grupo reducido de dominicanos y la pobreza se ha expandido, afectando a millones de dominicanos.<\/span><\/p>\n<\/p>\n<p><span class=\"text1noticias\">Quique Ant\u00fan sostuvo que por esa raz\u00f3n el Producto Interno Bruto que ha crecido en los \u00faltimos 20 a\u00f1os, y que antes el 40% de la poblaci\u00f3n recib\u00eda el 8% del PIB hoy apenas recibe el 4%, pasando el otro 4% a un reducido grupo de la poblaci\u00f3n dominicana.<\/span><\/p>\n<\/p>\n<p><span class=\"text1noticias\">Manifest\u00f3 que realmente en la Republica Dominicana hay m\u00e1s riqueza, \u00abpero lamentablemente nos parecemos mucho a Hait\u00ed, donde menos del 1% de la poblaci\u00f3n haitiana recibe la riqueza mientras todo el pueblo vive en la miseria\u00bb.<\/span><\/p>\n<\/p>\n<p><span class=\"text1noticias\">El presidente del PRSC habl\u00f3 sobre el tema en el marco de un recorrido por la provincia Santo Domingo, donde visit\u00f3 diferentes sectores populares, como Villa Duarte, Maquiteria, Alma Rosa, Boca Chica y otros, donde dijo que mucha gente vive en la pobreza y la indigencia.<\/span><\/p>\n<\/p>\n<p><span class=\"text1noticias\">Quique Ant\u00fan advirti\u00f3 a esos ricosque esa voracidad trae delincuencia, violencia y desesperaci\u00f3n de la sociedad, \u00aby por lo tanto esa inequidad no puede continuar\u00bb.<\/span><\/p>\n<\/p>\n<p><span class=\"text1noticias\">\u00abYo le he dicho a amigos m\u00edo, a prop\u00f3sito de esta mala distribuci\u00f3n de la riqueza, cuidadito con eso, porque si hoy andan con guardaespaldas y con carros blindados, ma\u00f1ana van a tener que buscar tanques de guerra para andar con uno alante y otro atr\u00e1s porque va a ser insostenible con los niveles de delincuencia y criminalidad que se vivir\u00e1 en el pa\u00eds\u00bb, agreg\u00f3.<\/span><\/p>\n<\/p>\n<p><span class=\"text1noticias\">El presidente del PRSC entiende que por esa raz\u00f3n hay que ceder un poco \u00aby hay ricos que no quieren entender esa situaci\u00f3n y siguen con su voracidad\u00bb.<\/span><\/p>\n<\/p>\n<p><span class=\"text1noticias\">Quique Ant\u00fan dijo que el gran problema del pa\u00eds es lo que ha acontecido con el gasto en los \u00faltimos 20 a\u00f1os, \u00abque definitivamente al Estado no le queda recursos para invertir adecuadamente en el desarrollo del pa\u00eds\u00bb.<\/span><\/p>\n<\/p>\n<p><span class=\"text1noticias\">Un alto porcentaje ?agreg\u00f3- se va en la deuda p\u00fablica, entre capital e intereses, otro porcentaje se va en subsidio y otro en n\u00f3mina.<\/span><\/p>\n<\/p>\n<p><span class=\"text1noticias\">D\u00edgame usted ?se pregunt\u00f3 el l\u00edder reformista- que pa\u00eds puede progresar bajo esos esquemas.<\/span><\/p>\n<\/p>\n<p><span class=\"text1noticias\">Pide profundizar investigaci\u00f3n actos terrorista<\/span><\/p>\n<\/p>\n<p><span class=\"text1noticias\">El presidente del PRSC dijo que son preocupantes los actos de cortes terroristas que se han producido en los \u00faltimos d\u00edas en el pa\u00eds, como el ataque a tiros a la c\u00e1rcel Najayo-Hombres, el incendio provocado en un vag\u00f3n del Metro y el atentado contra catorce torres de alta tensi\u00f3n el\u00e9ctrica en la regi\u00f3n sur.<\/span><\/p>\n<p><span class=\"text1noticias\">Quique Ant\u00fan dijo que las autoridades deben profundizar las investigaciones para determinar si estos tres hechos tienen alg\u00fan tipo de vinculaci\u00f3n a los fines de dar con los responsables, \u00abporque no se puede permitir que desaprensivos quieran acabar con la paz y la tranquilidad que vive el pueblo dominicano\u00bb.<\/span><\/p>\n<\/p>\n<p><span class=\"text1noticias\">Dijo que igual preocupaci\u00f3n genera la informaci\u00f3n que da cuenta de artefacto explosivo que fue encontrado ayer en el malec\u00f3n de Puerto Plata, una zona tur\u00edstica por donde caminan diariamente miles de personas, dominicanas y extranjeras.<\/span><\/p>\n<\/p>\n<p><span class=\"text1noticias\">\u00abTodos estos hechos, ocurridos uno detr\u00e1s de otro, son altamente sospechosos, por lo que pido a las autoridades que lleven las investigaciones hasta las ultimas consecuencias\u00bb, dijo finalmente.<\/span><\/p>\n<\/p>\n<p><span class=\"text1noticias\">El presidente del Partido Reformista estuvo acompa\u00f1ado durante el recorrido por los dirigentes Eddy Alc\u00e1ntara, el diputado Omar de Marchena, Luis Emilio Reyes Ozuna, la regidora de Boca Chica, Eliza P\u00e9rez (Chave); Jos\u00e9 Balaguer, Ram\u00f3n Bautista, Natividad Concepci\u00f3n, RuddyLiriano, Silvana Suero, Palmenio Rodr\u00edguez, Antonio Bello, Iv\u00e1n Marte, H\u00e9ctor Manuel M\u00e9ndez y Edgar Rosado, entre otros.(HG)<\/span>.<\/p>\n<\/p>\n<h6> 2014-11-01 19:01:51 <\/h6>\n<p><!--\n<link rel=\"stylesheet\" href=\"css\/bootstrap.min.css\">\n\n\n<ul class=\"pagination\">\n\t    \n\t\n\n<li >\n\t<a href='?page_no=14205'>Previous<\/a>\n\t<\/li>\n\n\n       \n    \n\n<li><a href='?page_no=1'>1<\/a><\/li>\n\n\n\n<li><a href='?page_no=2'>2<\/a><\/li>\n\n\n\n<li><a>...<\/a><\/li>\n\n\n\n<li><a href='?page_no=14204'>14204<\/a><\/li>\n\n\n\n<li><a href='?page_no=14205'>14205<\/a><\/li>\n\n\n\n<li class='active'><a>14206<\/a><\/li>\n\n\n\n<li><a href='?page_no=14207'>14207<\/a><\/li>\n\n\n\n<li><a href='?page_no=14208'>14208<\/a><\/li>\n\n\n\n<li><a>...<\/a><\/li>\n\n\n\n<li><a href='?page_no=36999'>36999<\/a><\/li>\n\n\n\n<li><a href='?page_no=37000'>37000<\/a><\/li>\n\n    \n\t\n\n<li >\n\t<a href='?page_no=14207'>Next<\/a>\n\t<\/li>\n\n\n    \n\n<li><a href='?page_no=37000'>Last &rsaquo;&rsaquo;<\/a><\/li>\n\n<\/ul>\n\n\n--><br \/>\n<\/body><\/p>\n","protected":false},"excerpt":{"rendered":"<p>Santo Domingo, RD, 1 de Noviembre.-El presidente del Partido Reformista Social Cristiano (PRSC), ingeniero Federico Ant\u00fan Batlle (Quique), declar\u00f3 aqu\u00ed que la voracidad de algunos ricos es la principal causa de la expansi\u00f3n de la pobreza en la Rep\u00fablica Dominicana. Dijo que hay gente de dinero que se ha empoderado de la naci\u00f3n, reduciendo sustancialmente [&hellip;]<\/p>\n","protected":false},"author":3,"featured_media":0,"comment_status":"open","ping_status":"open","sticky":false,"template":"","format":"standard","meta":{"footnotes":""},"categories":[22],"tags":[],"class_list":["post-161730","post","type-post","status-publish","format-standard","hentry","category-politica"],"_links":{"self":[{"href":"https:\/\/diariodominicano.com\/index.php?rest_route=\/wp\/v2\/posts\/161730","targetHints":{"allow":["GET"]}}],"collection":[{"href":"https:\/\/diariodominicano.com\/index.php?rest_route=\/wp\/v2\/posts"}],"about":[{"href":"https:\/\/diariodominicano.com\/index.php?rest_route=\/wp\/v2\/types\/post"}],"author":[{"embeddable":true,"href":"https:\/\/diariodominicano.com\/index.php?rest_route=\/wp\/v2\/users\/3"}],"replies":[{"embeddable":true,"href":"https:\/\/diariodominicano.com\/index.php?rest_route=%2Fwp%2Fv2%2Fcomments&post=161730"}],"version-history":[{"count":0,"href":"https:\/\/diariodominicano.com\/index.php?rest_route=\/wp\/v2\/posts\/161730\/revisions"}],"wp:attachment":[{"href":"https:\/\/diariodominicano.com\/index.php?rest_route=%2Fwp%2Fv2%2Fmedia&parent=161730"}],"wp:term":[{"taxonomy":"category","embeddable":true,"href":"https:\/\/diariodominicano.com\/index.php?rest_route=%2Fwp%2Fv2%2Fcategories&post=161730"},{"taxonomy":"post_tag","embeddable":true,"href":"https:\/\/diariodominicano.com\/index.php?rest_route=%2Fwp%2Fv2%2Ftags&post=161730"}],"curies":[{"name":"wp","href":"https:\/\/api.w.org\/{rel}","templated":true}]}}