{"id":161729,"date":"2014-11-01T19:44:13","date_gmt":"2014-11-01T19:44:13","guid":{"rendered":"http:\/\/diariodominicano.ddns.net\/?p=161729"},"modified":"2014-11-01T19:44:13","modified_gmt":"2014-11-01T19:44:13","slug":"ejemplo-del-profesor-juan-bosch-estara-siempre-presente","status":"publish","type":"post","link":"https:\/\/diariodominicano.com\/?p=161729","title":{"rendered":"\u00abEjemplo del Profesor Juan Bosch estar\u00e1 siempre presente\u00bb"},"content":{"rendered":"<p><body><\/p>\n<p><img decoding=\"async\" src=\"img3\/reynaldo.jpg\" \/><br \/><img decoding=\"async\" src=\"img3\/cristina.jpg\" \/>  <\/p>\n<p><span class=\"text1noticias\">Santo Domingo, RD, 1 de Noviembre.-Reinaldo Pared P\u00e9rez, secretario general del Partido de la Liberaci\u00f3n Dominicana (PLD), exhort\u00f3 a los miembros y dirigentes a no desmayar en mantener vivos los ideales y preceptos del fundador de la organizaci\u00f3n, Profesor Juan Bosch, quien este primero de noviembre arrib\u00f3 al d\u00e9cimo tercer aniversario de su fallecimiento.<\/span><\/p>\n<p><span class=\"text1noticias\"> <\/span><\/p>\n<p><span class=\"text1noticias\">Con tales prep\u00f3sitos el PLD organiz\u00f3 actividades conmemorativas en la ciudad capital y en La Vega a donde acudieron los dirigentes y miembros del PLD, amigos y familiares del extinto ex presidente de la Rep\u00fablica<\/span><\/p>\n<p><span class=\"text1noticias\"> <\/span><\/p>\n<p><span class=\"text1noticias\">Pared P\u00e9rez exhort\u00f3 a todos los dominicanos y de manera especial a los pelede\u00edstas, a seguir el ejemplo del pol\u00edtico, escritor y humanista dominicano.<\/span><\/p>\n<p><span class=\"text1noticias\"> <\/span><\/p>\n<p><span class=\"text1noticias\">En las palabras que pronunci\u00f3 en el encuentro en la Casa Nacional del PLD, su secretario general, invit\u00f3 a sus compa\u00f1eros y compa\u00f1eras a tener siempre presente al fundador del Partido de la Liberaci\u00f3n Dominicana para que seamos cada d\u00eda mejores dominicanos.<\/span><\/p>\n<p><span class=\"text1noticias\"> <\/span><\/p>\n<p><span class=\"text1noticias\">Miembros y dirigentes del PLD de la eucarist\u00eda celebrada en la Parroquia San Antonio de Padua se trasladaron a la Casa Nacional  del PLD en donde Pared P\u00e9rez, pronunci\u00f3  sus palabras: \u00abHace 13 del fallecimiento de ese grande, de ese coloso de Am\u00e9rica, de ese gigante de la Rep\u00fablica Dominicana y de la Am\u00e9rica morena que tanto quiso.<\/span><\/p>\n<p><span class=\"text1noticias\"> <\/span><\/p>\n<p><span class=\"text1noticias\">Record\u00f3 que hace trece a\u00f1os se trajo el cuerpo inerte de Bosch a la sede nacional del PLD para despedir su cuerpo, \u00abno as\u00ed para despedir tu conducta, lo que fuiste, dignidad sobre todo\u00bb, enfatiz\u00f3.<\/span><\/p>\n<p><span class=\"text1noticias\"> <\/span><\/p>\n<p><span class=\"text1noticias\">Con Reinaldo Pared P\u00e9rez participaron del encuentro en la Casa Nacional Secretario los miembros del Comit\u00e9 Pol\u00edtico Jos\u00e9 Joaqu\u00edn Bid\u00f3 Medina, Euclides Guti\u00e9rrez F\u00e9lix, C\u00e9sar Pina Toribio, Eduardo Selman, Alejandrina Germ\u00e1n, Bautistas Rojas G\u00f3mez, Radham\u00e9s Jim\u00e9nez, Radham\u00e9s Camacho, Rub\u00e9n Bichara; adem\u00e1s de los miembros del Comit\u00e9 Central y dirigentes medios del PLD y familiares del Profesor Juan Bosch.<\/span><\/p>\n<p><span class=\"text1noticias\"> <\/span><\/p>\n<p><span class=\"text1noticias\">Pared P\u00e9rez explic\u00f3 que Juan Bosch, como pol\u00edtico y hombre p\u00fablico vino tan predestinado que hasta supo seleccionar el d\u00eda de su nacimiento, 30 de junio, fecha en que se celebra el D\u00eda del Maestro en el pa\u00eds y el 1 de noviembre, fecha que el santoral dedicada a todos los santos<\/span><\/p>\n<p><span class=\"text1noticias\"> <\/span><\/p>\n<p><span class=\"text1noticias\">\u00abNaci\u00f3 un d\u00eda del maestro y muri\u00f3 un d\u00eda de todos los santos. \u00a1Qu\u00e9 grande fuiste Don Juan que hasta esa fecha de tu nacimiento y de tu muerte fueron preseleccionadas\u00bb, apunt\u00f3 Pared P\u00e9rez en unas emotivas palabras que motiv\u00f3 el aplauso del publico asistente<\/span><\/p>\n<p><span class=\"text1noticias\"> <\/span><\/p>\n<p><span class=\"text1noticias\">Sostuvo que el ejemplo de Juan Bosch siempre estar\u00e1 presente en cada uno de los pelede\u00edstas.<\/span><\/p>\n<p><span class=\"text1noticias\"> <\/span><\/p>\n<p><span class=\"text1noticias\">Completando el homenaje los asistentes disfrutaron de una selecci\u00f3n de canciones dominicanas y de Latinoamericana, de las preferidas en vida por el Profesor Juan Bosch a cargo del grupo Los L\u00edricos de la Facultad de Arte de la Universidad Aut\u00f3noma de Santo Domingo.<\/span><\/p>\n<p><span class=\"text1noticias\"> <\/span><\/p>\n<p><span class=\"text1noticias\">Las acopladas voces de Arelis Cohn, Otilio Castro, Modesto Acosta, Samuel Pe\u00f1a, el piano de  Porfirio Mateo y la direcci\u00f3n de la Gladis P\u00e9rez entonaron un popurr\u00ed de canciones, con el aplauso y aceptaci\u00f3n de los asistentes.<\/span><\/p>\n<p><span class=\"text1noticias\"> <\/span><\/p>\n<p><span class=\"text1noticias\">Los participantes recibieron una literatura con frase del ideario del profesor Juan Bosch con el ep\u00edgrafe 13 aniversario de su partida y una rese\u00f1a period\u00edstica recordando aquel d\u00eda 1 de noviembre cuando se divulg\u00f3 la noticia del fallecimiento del fundador del PLD.(HG).<\/span><\/p>\n<p><span class=\"text1noticias\"><strong>Mejor forma de recordar a Juan Bosch es mantener unidad<\/strong><\/span><\/p>\n<p><span class=\"text1noticias\"> <\/span><\/p>\n<p><span class=\"text1noticias\">Cristina Lizardo, miembro del Comit\u00e9 Pol\u00edtico del Partido de la Liberaci\u00f3n Dominicana, asegur\u00f3 que la mejor forma de rendir tributo al Profesor Juan Bosch es manteniendo la unidad, la prudencia y a la sensatez a lo interno de esa organizaci\u00f3n pol\u00edtica y actuando conforme a su doctrina, ense\u00f1anza y ejemplo imperecedero.<\/span><\/p>\n<p><span class=\"text1noticias\"> <\/span><\/p>\n<p><span class=\"text1noticias\">La coordinadora de la Comisi\u00f3n Permanente de Conmemoraciones Hist\u00f3ricas del PLD, dio las palabras de gracias al finalizar la eucarist\u00eda oficiada por Monse\u00f1or Benito \u00c1ngeles para recordar al fundador, maestro, l\u00edder y gu\u00eda del PLD en el d\u00e9cimo tercer aniversario de su fallecimiento.<\/span><\/p>\n<p><span class=\"text1noticias\"> <\/span><\/p>\n<p><span class=\"text1noticias\">\u00abHemos seleccionado este espacio, este lugar sagrado, que nos invita a la reflexi\u00f3n, a la b\u00fasqueda permanente de las decisiones sabias y oportunas; y a 13 a\u00f1os de la partida f\u00edsica del Profesor Juan Bosch, para asegurar que \u00e9l vivir\u00e1 por siempre y ser\u00e1 recordado con orgullo por todos los dominicanos\u00bb, precis\u00f3 Lizardo en sus palabras con un templo abarrotado de dirigentes y miembros del PLD<\/span><\/p>\n<p><span class=\"text1noticias\"> <\/span><\/p>\n<p><span class=\"text1noticias\"> Reinaldo Pared P\u00e9rez, Secretario General del PLD, encabez\u00f3 una amplia comitiva de la direcci\u00f3n pol\u00edtica del PLD junto Jos\u00e9 Joaqu\u00edn Bid\u00f3 Medina, C\u00e9sar Pina Toribio, Eduardo Selman, Alejandrina Germ\u00e1n, Cristina Lizardo, Bautista Rojas G\u00f3mez, Radham\u00e9s Jim\u00e9nez, Radham\u00e9s Camacho, Rub\u00e9n Bichara; miembros del Comit\u00e9 Pol\u00edtico y decenas miembros del Comit\u00e9 Central y dirigentes medios del PLD y familiares del Profesor Juan Bosch.<\/span><\/p>\n<p><span class=\"text1noticias\"> <\/span><\/p>\n<p><span class=\"text1noticias\">La tambi\u00e9n Presidenta del Senado de la Rep\u00fablica dijo que Juan Bosch no es s\u00f3lo el 30 de junio (fecha de su nacimiento) ni el primero de noviembre (fecha de su fallecimiento) ni el 15 de diciembre (aniversario del PLD); sino que cada vez que alguien escucha y practica el sentimiento de amar se piensa en Juan Bosch, porque s\u00f3lo los que alcanzan la satisfacci\u00f3n plena de amar, como lo hizo el fundador del PLD, pueden defender la justicia, los derechos humanos, una luchar por una sociedad justa.<\/span><\/p>\n<p><span class=\"text1noticias\"> <\/span><\/p>\n<p><span class=\"text1noticias\">Manifest\u00f3 que es dif\u00edcil no recordar a Juan Bosch en cada una de las acciones que los militantes del PLD desarrollan,  y que recordarlo no es solo cumplir con actos protocolares o invocar su nombre para ser aplaudidos, sino tener siempre presente que todos fueron formados en su escuela, por lo que tienen el compromiso de actuar conforme a su doctrina, ense\u00f1anzas y ejemplo imperecedero.<\/span><\/p>\n<p><span class=\"text1noticias\"> <\/span><\/p>\n<p><span class=\"text1noticias\">\u00abEl compromiso es ondear la bandera de la paz, del respeto, de la uni\u00f3n en lo m\u00e1s alto de nuestras conductas. El compromiso de hoy compa\u00f1eras y compa\u00f1eras, amigos y amigas es recordar al Maestro con un llamado a la unidad, a la prudencia y a la sensatez\u00bb, agreg\u00f3 la senadora por la Provincia Santo Domingo.<\/span><\/p>\n<p><span class=\"text1noticias\"> <\/span><\/p>\n<p><span class=\"text1noticias\">Indic\u00f3 que otro compromiso a asumir por todos los dominicanos es rendir tributo a lo que del Profesor Juan Bosch sembr\u00f3.<\/span><\/p>\n<p><span class=\"text1noticias\"> <\/span><\/p>\n<p><span class=\"text1noticias\">La eucarist\u00eda se desarrollo en la Iglesia San Antonio de Padua oficiada por el p\u00e1rroco Benito \u00c1ngeles y los c\u00e1nticos a cargo del coro de la parroquia La Milagrosa del sector Lucerna en el Santo Domingo Este y Los L\u00edricos de la Facultad de Arte de la UASD.<\/span><\/p>\n<p><span class=\"text1noticias\"> <\/span><\/p>\n<p><span class=\"text1noticias\">La misa sigui\u00f3 un gui\u00f3n en el que se alternaron las oraciones y plegarias con palabras de dirigentes del PLD que ante el pulpito abogaron a favor de la iglesia, por el Profesor Bosch, por los gobernantes, por la familia dominicana y por los presentes.<\/span><\/p>\n<p><span class=\"text1noticias\"> <\/span><\/p>\n<p><span class=\"text1noticias\">Una menci\u00f3n especial se hizo abogando por \u00absabidur\u00eda, sapiencia e inteligencia al Presidente Danilo Medina para seguir gobernando el pa\u00eds por los caminos del progreso y combate a la desigualdad.<\/span><\/p>\n<p><span class=\"text1noticias\"> <\/span><\/p>\n<p><span class=\"text1noticias\">En la homil\u00eda Monse\u00f1or Benito \u00c1ngeles resalt\u00f3 el pensamiento y valores enarbolados por el Profesor Juan Bosch, de quien dijo era un hombre de convicci\u00f3n: \u00abUn m\u00edstico ejerciendo la pol\u00edtica\u00bb<\/span><\/p>\n<p><span class=\"text1noticias\"> <\/span><\/p>\n<p><span class=\"text1noticias\">Destac\u00f3 su coherencia de vida y la humildad con que desempe\u00f1o sus compromisos en una vida dedicada al magisterio y guiada por principios<\/span><\/p>\n<p><span class=\"text1noticias\"> <\/span><\/p>\n<p><span class=\"text1noticias\">Al agradece a nombre del PLD al celebrante de la Eucarist\u00eda, Cristina Lizardo cit\u00f3 el Evangelio de San Mateo para precisar su llamado a la unidad partidaria \u00abTodo reino dividido contra s\u00ed mismo es asolado y toda ciudad o casa dividida contra si misma no se mantendr\u00e1 en pie\u00bb, por lo que las convicciones que hicieron posible que un grupo de dirigentes y del pueblo se reunieran en la conmemoraci\u00f3n del 13 aniversario del fallecimiento del Profesor Juan Bosch permitir\u00e1 que surja el espacio y momento preciso para reflexionar.<\/span><\/p>\n<p><span class=\"text1noticias\"> <\/span><\/p>\n<p><span class=\"text1noticias\">Cristina Lizardo Reiter\u00f3 que cada d\u00eda y a\u00f1o Juan Bosch estar\u00e1 presente en cada una de las acciones de todos los pelede\u00edstas, por lo que la tarea es expresar sus convicciones en los diferentes escenarios en que participen.<\/span><\/p>\n<\/p>\n<h6> 2014-11-01 19:44:13 <\/h6>\n<p><!--\n<link rel=\"stylesheet\" href=\"css\/bootstrap.min.css\">\n\n\n<ul class=\"pagination\">\n\t    \n\t\n\n<li >\n\t<a href='?page_no=14204'>Previous<\/a>\n\t<\/li>\n\n\n       \n    \n\n<li><a href='?page_no=1'>1<\/a><\/li>\n\n\n\n<li><a href='?page_no=2'>2<\/a><\/li>\n\n\n\n<li><a>...<\/a><\/li>\n\n\n\n<li><a href='?page_no=14203'>14203<\/a><\/li>\n\n\n\n<li><a href='?page_no=14204'>14204<\/a><\/li>\n\n\n\n<li class='active'><a>14205<\/a><\/li>\n\n\n\n<li><a href='?page_no=14206'>14206<\/a><\/li>\n\n\n\n<li><a href='?page_no=14207'>14207<\/a><\/li>\n\n\n\n<li><a>...<\/a><\/li>\n\n\n\n<li><a href='?page_no=36999'>36999<\/a><\/li>\n\n\n\n<li><a href='?page_no=37000'>37000<\/a><\/li>\n\n    \n\t\n\n<li >\n\t<a href='?page_no=14206'>Next<\/a>\n\t<\/li>\n\n\n    \n\n<li><a href='?page_no=37000'>Last &rsaquo;&rsaquo;<\/a><\/li>\n\n<\/ul>\n\n\n--><br \/>\n<\/body><\/p>\n","protected":false},"excerpt":{"rendered":"<p>Santo Domingo, RD, 1 de Noviembre.-Reinaldo Pared P\u00e9rez, secretario general del Partido de la Liberaci\u00f3n Dominicana (PLD), exhort\u00f3 a los miembros y dirigentes a no desmayar en mantener vivos los ideales y preceptos del fundador de la organizaci\u00f3n, Profesor Juan Bosch, quien este primero de noviembre arrib\u00f3 al d\u00e9cimo tercer aniversario de su fallecimiento. Con [&hellip;]<\/p>\n","protected":false},"author":3,"featured_media":0,"comment_status":"open","ping_status":"open","sticky":false,"template":"","format":"standard","meta":{"footnotes":""},"categories":[22],"tags":[],"class_list":["post-161729","post","type-post","status-publish","format-standard","hentry","category-politica"],"_links":{"self":[{"href":"https:\/\/diariodominicano.com\/index.php?rest_route=\/wp\/v2\/posts\/161729","targetHints":{"allow":["GET"]}}],"collection":[{"href":"https:\/\/diariodominicano.com\/index.php?rest_route=\/wp\/v2\/posts"}],"about":[{"href":"https:\/\/diariodominicano.com\/index.php?rest_route=\/wp\/v2\/types\/post"}],"author":[{"embeddable":true,"href":"https:\/\/diariodominicano.com\/index.php?rest_route=\/wp\/v2\/users\/3"}],"replies":[{"embeddable":true,"href":"https:\/\/diariodominicano.com\/index.php?rest_route=%2Fwp%2Fv2%2Fcomments&post=161729"}],"version-history":[{"count":0,"href":"https:\/\/diariodominicano.com\/index.php?rest_route=\/wp\/v2\/posts\/161729\/revisions"}],"wp:attachment":[{"href":"https:\/\/diariodominicano.com\/index.php?rest_route=%2Fwp%2Fv2%2Fmedia&parent=161729"}],"wp:term":[{"taxonomy":"category","embeddable":true,"href":"https:\/\/diariodominicano.com\/index.php?rest_route=%2Fwp%2Fv2%2Fcategories&post=161729"},{"taxonomy":"post_tag","embeddable":true,"href":"https:\/\/diariodominicano.com\/index.php?rest_route=%2Fwp%2Fv2%2Ftags&post=161729"}],"curies":[{"name":"wp","href":"https:\/\/api.w.org\/{rel}","templated":true}]}}