{"id":161728,"date":"2014-11-01T20:20:35","date_gmt":"2014-11-01T20:20:35","guid":{"rendered":"http:\/\/diariodominicano.ddns.net\/?p=161728"},"modified":"2014-11-01T20:20:35","modified_gmt":"2014-11-01T20:20:35","slug":"homenaje-al-profesor-juan-bosch-en-el-13-aniversario-de-su-fallecimiento","status":"publish","type":"post","link":"https:\/\/diariodominicano.com\/?p=161728","title":{"rendered":"Homenaje al profesor Juan Bosch en el 13 aniversario de su fallecimiento"},"content":{"rendered":"<p><body><\/p>\n<p><img decoding=\"async\" src=\"img3\/ofrenda.jpg\" \/>  <\/p>\n<p><span class=\"text1noticias\">La Vega, RD, 1 de Noviembre.-Euclides S\u00e1nchez, senador de la Republica y Presidente del Partido de la Liberaci\u00f3n Dominicana  en la Provincia La Vega, present\u00f3 al profesor Juan Bosch, fundador y l\u00edder hist\u00f3rico del PLD, como el modelo de ser humano, que pertenece al futuro.<\/span><\/p>\n<p><span class=\"text1noticias\"> <\/span><\/p>\n<p><span class=\"text1noticias\">\u00abUn modelo sin mancha alguna en su conducta, en su actitud, en su actuaci\u00f3n\u00bb dijo el dirigente peledeista en las palabras centrales del homenaje al ex presidente dominicano en la conmemoraci\u00f3n del d\u00e9cimo tercer aniversario de su fallecimiento.<\/span><\/p>\n<p><span class=\"text1noticias\"> <\/span><\/p>\n<p><span class=\"text1noticias\">Los Comit\u00e9s Provincial y Municipal de La Vega respondiendo al mandato del Comit\u00e9 Pol\u00edtico y de la  Comisi\u00f3n Permanente de Conmemoraciones Hist\u00f3ricas del PLD, organizaron una ofrenda ante el mausoleo del profesor Juan Bosch en el Cementerio Ornamental de La Vega.<\/span><\/p>\n<p><span class=\"text1noticias\"> <\/span><\/p>\n<p><span class=\"text1noticias\">Euclides S\u00e1nchez resalt\u00f3 el valor permanente que ha tenido el pensamiento del fundador del PLD, plasmado en sus escritos y ejemplo de vida en la edificaci\u00f3n de la democracia latinoamericana: \u00abY no dudamos que el valor de sus ideas, como hombre de acrisoladas virtudes morales, de insuperable sensibilidad humana, de conducta intachable, tienen y tendr\u00e1n un valor universal\u00bb dijo.<\/span><\/p>\n<p><span class=\"text1noticias\"> <\/span><\/p>\n<p><span class=\"text1noticias\">El Presidente provincial del PLD cerr\u00f3 las motivaciones a la ofrenda realizada al mediod\u00eda de este s\u00e1bado ante la tumba de Bosch.<\/span><\/p>\n<p><span class=\"text1noticias\"> <\/span><\/p>\n<p><span class=\"text1noticias\">En la ofrenda la centenaria banda de m\u00fasica de La Vega interpret\u00f3 el himno nacional y la canci\u00f3n la Gaviota, versi\u00f3n instrumental al ritmo de criolla, mientras que en el sistema de amplificaci\u00f3n se escuch\u00f3 el himno del PLD.<\/span><\/p>\n<p><span class=\"text1noticias\"> <\/span><\/p>\n<p><span class=\"text1noticias\">Patricio Bosch, hijo del Profesor Juan Bosch, agradeci\u00f3 en nombre de sus familiares el homenaje a su padre, manifestando que con actos asi, su memoria se mantendr\u00e1 fresca.<\/span><\/p>\n<p><span class=\"text1noticias\"> <\/span><\/p>\n<p><span class=\"text1noticias\">Antecedieron a Euclides S\u00e1nchez en el uso de la palabra Rafael Reyes, Presidente del Comit\u00e9 Municipal del PLD en La Vega, el gobernador Andr\u00e9s C\u00e9spedes y el Alcalde Alexis P\u00e9rez, ambos miembros del Comit\u00e9 Central del Partido de la Liberaci\u00f3n Dominicana.<\/span><\/p>\n<p><span class=\"text1noticias\"> <\/span><\/p>\n<p><span class=\"text1noticias\">Al terminar los discursos, decenas de arreglos florales de instituciones p\u00fablicas y del PLD adornaron la original tumba, colocada a la entrada del camposanto.<\/span><\/p>\n<p><span class=\"text1noticias\"> <\/span><\/p>\n<p><span class=\"text1noticias\">Estudiantes de las escuelas de La Vega realizaron en las primeras horas de la ma\u00f1ana lo que se ha llamado la Ruta Juan Bosch, un recorrido por las calles internas de La Vega en la Casa donde naci\u00f3, se desarroll\u00f3 e hizo vida juvenil, el Profesor Juan Bosch.<\/span><\/p>\n<p><span class=\"text1noticias\"> <\/span><\/p>\n<p><span class=\"text1noticias\">La ruta Juan Bosch concluy\u00f3 en la ofrenda organizada por el PLD en el camposanto vegano.(HG)<\/span>.<\/p>\n<h6> 2014-11-01 20:20:35 <\/h6>\n<p><!--\n<link rel=\"stylesheet\" href=\"css\/bootstrap.min.css\">\n\n\n<ul class=\"pagination\">\n\t    \n\t\n\n<li >\n\t<a href='?page_no=14203'>Previous<\/a>\n\t<\/li>\n\n\n       \n    \n\n<li><a href='?page_no=1'>1<\/a><\/li>\n\n\n\n<li><a href='?page_no=2'>2<\/a><\/li>\n\n\n\n<li><a>...<\/a><\/li>\n\n\n\n<li><a href='?page_no=14202'>14202<\/a><\/li>\n\n\n\n<li><a href='?page_no=14203'>14203<\/a><\/li>\n\n\n\n<li class='active'><a>14204<\/a><\/li>\n\n\n\n<li><a href='?page_no=14205'>14205<\/a><\/li>\n\n\n\n<li><a href='?page_no=14206'>14206<\/a><\/li>\n\n\n\n<li><a>...<\/a><\/li>\n\n\n\n<li><a href='?page_no=36999'>36999<\/a><\/li>\n\n\n\n<li><a href='?page_no=37000'>37000<\/a><\/li>\n\n    \n\t\n\n<li >\n\t<a href='?page_no=14205'>Next<\/a>\n\t<\/li>\n\n\n    \n\n<li><a href='?page_no=37000'>Last &rsaquo;&rsaquo;<\/a><\/li>\n\n<\/ul>\n\n\n--><br \/>\n<\/body><\/p>\n","protected":false},"excerpt":{"rendered":"<p>La Vega, RD, 1 de Noviembre.-Euclides S\u00e1nchez, senador de la Republica y Presidente del Partido de la Liberaci\u00f3n Dominicana en la Provincia La Vega, present\u00f3 al profesor Juan Bosch, fundador y l\u00edder hist\u00f3rico del PLD, como el modelo de ser humano, que pertenece al futuro. \u00abUn modelo sin mancha alguna en su conducta, en su [&hellip;]<\/p>\n","protected":false},"author":3,"featured_media":0,"comment_status":"open","ping_status":"open","sticky":false,"template":"","format":"standard","meta":{"footnotes":""},"categories":[22],"tags":[],"class_list":["post-161728","post","type-post","status-publish","format-standard","hentry","category-politica"],"_links":{"self":[{"href":"https:\/\/diariodominicano.com\/index.php?rest_route=\/wp\/v2\/posts\/161728","targetHints":{"allow":["GET"]}}],"collection":[{"href":"https:\/\/diariodominicano.com\/index.php?rest_route=\/wp\/v2\/posts"}],"about":[{"href":"https:\/\/diariodominicano.com\/index.php?rest_route=\/wp\/v2\/types\/post"}],"author":[{"embeddable":true,"href":"https:\/\/diariodominicano.com\/index.php?rest_route=\/wp\/v2\/users\/3"}],"replies":[{"embeddable":true,"href":"https:\/\/diariodominicano.com\/index.php?rest_route=%2Fwp%2Fv2%2Fcomments&post=161728"}],"version-history":[{"count":0,"href":"https:\/\/diariodominicano.com\/index.php?rest_route=\/wp\/v2\/posts\/161728\/revisions"}],"wp:attachment":[{"href":"https:\/\/diariodominicano.com\/index.php?rest_route=%2Fwp%2Fv2%2Fmedia&parent=161728"}],"wp:term":[{"taxonomy":"category","embeddable":true,"href":"https:\/\/diariodominicano.com\/index.php?rest_route=%2Fwp%2Fv2%2Fcategories&post=161728"},{"taxonomy":"post_tag","embeddable":true,"href":"https:\/\/diariodominicano.com\/index.php?rest_route=%2Fwp%2Fv2%2Ftags&post=161728"}],"curies":[{"name":"wp","href":"https:\/\/api.w.org\/{rel}","templated":true}]}}