{"id":161727,"date":"2014-11-01T20:28:46","date_gmt":"2014-11-01T20:28:46","guid":{"rendered":"http:\/\/diariodominicano.ddns.net\/?p=161727"},"modified":"2014-11-01T20:28:46","modified_gmt":"2014-11-01T20:28:46","slug":"abinader-reclama-al-gobierno-medidas-para-detener-inmigracion-ilegal","status":"publish","type":"post","link":"https:\/\/diariodominicano.com\/?p=161727","title":{"rendered":"Abinader reclama al Gobierno medidas para detener inmigraci\u00f3n ilegal"},"content":{"rendered":"<p><body><\/p>\n<p><img decoding=\"async\" src=\"img3\/abinader.jpg\" \/>  <\/p>\n<p><span class=\"text1noticias\">Santo Domingo, RD, 1 de Noviembre.-El aspirante presidencial del Partido Revolucionario Moderno (PRM), Luis Abinader reclam\u00f3 al Gobierno que adopte las medidas necesarias para detener la inmigraci\u00f3n ilegal en la Rep\u00fablica Dominicana, incluyendo la asignaci\u00f3n de recursos suficientes para que el Cuerpo de Seguridad Fronteriza (CESFRONT) pueda garantizar la soberan\u00eda de nuestra frontera.<\/span><\/p>\n<\/p>\n<p><span class=\"text1noticias\">El economista y empresario dijo que el Gobierno no puede reducir el manejo del problema migratorio a una simple expresi\u00f3n de buenas intenciones o a una pol\u00edtica reactiva para defender al pa\u00eds en el plano internacional, mientras mantiene una injustificable inercia frente a las causas que han originado el creciente problema de la inmigraci\u00f3n ilegal.<\/span><\/p>\n<\/p>\n<p><span class=\"text1noticias\">Sostuvo que el Estado Dominicano no est\u00e1 cumpliendo el mandato del art\u00edculo 10 de la Constituci\u00f3n de la Rep\u00fablica que declara de supremo inter\u00e9s nacional la seguridad, el desarrollo econ\u00f3mico, social y tur\u00edstico de la Zona Fronteriza, as\u00ed como su integraci\u00f3n vial, comunicacional y productiva.<\/span><\/p>\n<\/p>\n<p><span class=\"text1noticias\">Y apunt\u00f3 que ese mismo art\u00edculo establece que los poderes p\u00fablicos elaborar\u00e1n, ejecutar\u00e1n y priorizar\u00e1n pol\u00edticas y programas de inversi\u00f3n p\u00fablica en obras sociales y de infraestructura para asegurar el desarrollo de la zona.<\/span><\/p>\n<\/p>\n<p><span class=\"text1noticias\">Manifest\u00f3 que el incumplimiento de ese mandato constitucional ha provocado que miles de dominicanos abandonen sus comunidades en la zona fronteriza, permitiendo que esos territorios est\u00e9n siendo ocupados por familias haitianas.<\/span><\/p>\n<\/p>\n<p><span class=\"text1noticias\">Afirm\u00f3 que la fracasada sentencia 168-13, que coloc\u00f3 al pa\u00eds en una cr\u00edtica situaci\u00f3n frente a la comunidad internacional, fue resultado de la incapacidad del Estado Dominicano para hacer cumplir la ley de migraci\u00f3n y otras normas sobre la materia, alternativa que defini\u00f3  como  una soluci\u00f3n equivocada.<\/span><\/p>\n<\/p>\n<p><span class=\"text1noticias\">Recomend\u00f3 al presidente Danilo Medina que asigne los recursos necesarios para que el CESFRONT pueda cumplir efectivamente su labor de cuidar la frontera dominicana y asegure que la Direcci\u00f3n General de Migraci\u00f3n cumpla las disposiciones de ley sobra la materia.<\/span><\/p>\n<\/p>\n<p><span class=\"text1noticias\">Dijo que para cuidar los casi 390 kil\u00f3metros de frontera, el CESFRONT cuenta aproximadamente con la misma cantidad de efectivos militares que tiene el sistema de seguridad del Metro de Santo Domingo, lo que a su juicio da una idea de la real prioridad que le asigna el Gobierno Dominicano a esa zona estrat\u00e9gica de la naci\u00f3n.<\/span><\/p>\n<\/p>\n<p><span class=\"text1noticias\">En opini\u00f3n del licenciado Abinader, a pesar de la ret\u00f3rica gubernamental sobre el tema de la soberan\u00eda y la nacionalidad, la administraci\u00f3n del Partido de la Liberaci\u00f3n Dominicana nunca ha asumido el problema de la frontera como una prioridad nacional.<\/span><\/p>\n<\/p>\n<p><span class=\"text1noticias\">El licenciado Abinader se refiri\u00f3 al tema luego de encabezar varias reuniones de trabajos con dirigentes  y delegaciones de diferentes regiones de Santo Domingo Norte.<\/span><\/p>\n<\/p>\n<p><span class=\"text1noticias\">Entre los dirigentes presentes en las consultas  estuvieron Geraldo Ventura, presidente adjunto de la regi\u00f3n Norte 2-A y coordinador del proyecto Luis Abinader en ese municipio, Giovanni Bruno, regidor y coordinador municipal; Omar Brito, presidente municipal del PRM en Santo Domingo Norte, Ram\u00f3n Ortega, director regi\u00f3n Norte 2 A, Altagracia de La Cruz, directora de la mujer regi\u00f3n Norte 2 B, Aquiles Rodr\u00edguez, director nacional de culto, Elvis Remigio, director de la juventud en el municipio;<\/span><\/p>\n<\/p>\n<p><span class=\"text1noticias\">Durante el recorrido el licenciado Abinader estuvo acompa\u00f1ado por los dirigentes nacionales Franklin Garc\u00eda Ferm\u00edn, enlace del municipio con el candidato presidencial y Juan Mateo, entre otros.(HG)<\/span>.  <\/p>\n<\/p>\n<h6> 2014-11-01 20:28:46 <\/h6>\n<p><!--\n<link rel=\"stylesheet\" href=\"css\/bootstrap.min.css\">\n\n\n<ul class=\"pagination\">\n\t    \n\t\n\n<li >\n\t<a href='?page_no=14202'>Previous<\/a>\n\t<\/li>\n\n\n       \n    \n\n<li><a href='?page_no=1'>1<\/a><\/li>\n\n\n\n<li><a href='?page_no=2'>2<\/a><\/li>\n\n\n\n<li><a>...<\/a><\/li>\n\n\n\n<li><a href='?page_no=14201'>14201<\/a><\/li>\n\n\n\n<li><a href='?page_no=14202'>14202<\/a><\/li>\n\n\n\n<li class='active'><a>14203<\/a><\/li>\n\n\n\n<li><a href='?page_no=14204'>14204<\/a><\/li>\n\n\n\n<li><a href='?page_no=14205'>14205<\/a><\/li>\n\n\n\n<li><a>...<\/a><\/li>\n\n\n\n<li><a href='?page_no=36999'>36999<\/a><\/li>\n\n\n\n<li><a href='?page_no=37000'>37000<\/a><\/li>\n\n    \n\t\n\n<li >\n\t<a href='?page_no=14204'>Next<\/a>\n\t<\/li>\n\n\n    \n\n<li><a href='?page_no=37000'>Last &rsaquo;&rsaquo;<\/a><\/li>\n\n<\/ul>\n\n\n--><br \/>\n<\/body><\/p>\n","protected":false},"excerpt":{"rendered":"<p>Santo Domingo, RD, 1 de Noviembre.-El aspirante presidencial del Partido Revolucionario Moderno (PRM), Luis Abinader reclam\u00f3 al Gobierno que adopte las medidas necesarias para detener la inmigraci\u00f3n ilegal en la Rep\u00fablica Dominicana, incluyendo la asignaci\u00f3n de recursos suficientes para que el Cuerpo de Seguridad Fronteriza (CESFRONT) pueda garantizar la soberan\u00eda de nuestra frontera. El economista [&hellip;]<\/p>\n","protected":false},"author":3,"featured_media":0,"comment_status":"open","ping_status":"open","sticky":false,"template":"","format":"standard","meta":{"footnotes":""},"categories":[22],"tags":[],"class_list":["post-161727","post","type-post","status-publish","format-standard","hentry","category-politica"],"_links":{"self":[{"href":"https:\/\/diariodominicano.com\/index.php?rest_route=\/wp\/v2\/posts\/161727","targetHints":{"allow":["GET"]}}],"collection":[{"href":"https:\/\/diariodominicano.com\/index.php?rest_route=\/wp\/v2\/posts"}],"about":[{"href":"https:\/\/diariodominicano.com\/index.php?rest_route=\/wp\/v2\/types\/post"}],"author":[{"embeddable":true,"href":"https:\/\/diariodominicano.com\/index.php?rest_route=\/wp\/v2\/users\/3"}],"replies":[{"embeddable":true,"href":"https:\/\/diariodominicano.com\/index.php?rest_route=%2Fwp%2Fv2%2Fcomments&post=161727"}],"version-history":[{"count":0,"href":"https:\/\/diariodominicano.com\/index.php?rest_route=\/wp\/v2\/posts\/161727\/revisions"}],"wp:attachment":[{"href":"https:\/\/diariodominicano.com\/index.php?rest_route=%2Fwp%2Fv2%2Fmedia&parent=161727"}],"wp:term":[{"taxonomy":"category","embeddable":true,"href":"https:\/\/diariodominicano.com\/index.php?rest_route=%2Fwp%2Fv2%2Fcategories&post=161727"},{"taxonomy":"post_tag","embeddable":true,"href":"https:\/\/diariodominicano.com\/index.php?rest_route=%2Fwp%2Fv2%2Ftags&post=161727"}],"curies":[{"name":"wp","href":"https:\/\/api.w.org\/{rel}","templated":true}]}}