{"id":161726,"date":"2014-11-02T12:31:10","date_gmt":"2014-11-02T12:31:10","guid":{"rendered":"http:\/\/diariodominicano.ddns.net\/?p=161726"},"modified":"2014-11-02T12:31:10","modified_gmt":"2014-11-02T12:31:10","slug":"eduardo-sanz-lovaton-propone-congreso-unicameral","status":"publish","type":"post","link":"https:\/\/diariodominicano.com\/?p=161726","title":{"rendered":"Eduardo Sanz Lovaton propone congreso unicameral&#13;"},"content":{"rendered":"<p><body><\/p>\n<p><img decoding=\"async\" src=\"img3\/Sanz.gif\" \/>  <\/p>\n<p><span class=\"text1noticias\">Santo Domingo, RD, 2 noviembre.- El pre candidato  a Senador por el Distrito Nacional, Eduardo Sanz Lovaton llam\u00f3 a la clase pol\u00edtica y al gobierno central a adoptar un Plan Estrat\u00e9gico que les permita enfrentar los principales males que afectan la naci\u00f3n y convertir al Congreso Nacional en una sola C\u00e1mara Legislativa para que se dedique hacer el trabajo que realmente le corresponde hacer.<\/span><\/p>\n<\/p>\n<p><span class=\"text1noticias\">Entrevista en el programa Agenda Semanal, que produce el periodista Balbueno Medina, todos los s\u00e1bados a las 12 del mediod\u00eda por Santo Domingo TV, canales 69 de uhf y 24 de los sistemas nacional de cable, el dirigente del Partido Revolucionario Moderno (PRM), consider\u00f3 que actualmente las c\u00e1maras legislativas del pa\u00eds han desvirtuado sus funciones, porque se han concentrado en destinar recursos a programas que no les competen.<\/span><\/p>\n<\/p>\n<p><span class=\"text1noticias\">El doctor Eduardo Sanz Lovaton, record\u00f3 que las funciones de los legisladores no tienen nada que ver con programas sociales y que para eso est\u00e1n las instituciones del Estado que pertenecen al gabinete social que fueron creados con esos fines, por lo que consider\u00f3 que los recursos que est\u00e1n consignados en el presupuesto nacional para esos fines deben invertidos en las mismas.<\/span><\/p>\n<\/p>\n<p><span class=\"text1noticias\">El aspirante a la Senaduria del Distrito Nacional, explic\u00f3 que las funciones de los legisladores se limitan a los \u00e1mbitos de representar, fiscalizar y defender los intereses del pueblo dominicano, por lo que invertir su tiempo y esfuerzos en otras tareas resultar\u00eda  violatorio a la constituci\u00f3n y demostraci\u00f3n de desconocimiento de sus responsabilidades ante la sociedad.<\/span><\/p>\n<\/p>\n<p><span class=\"text1noticias\">El abogado y pol\u00edtico, sostuvo que por ese desconocimiento que se tiene de la funci\u00f3n legislativa, es que el Congreso Nacional le sale tan caro al Estado dominicano y en ese sentido favoreci\u00f3 que el mismo sea convertido en un Congreso Unicameral para que se enfoque en lo que tiene que hacer y le rinda sus frutos a la naci\u00f3.(HG)<\/span>.<\/p>\n<h6> 2014-11-02 12:31:10 <\/h6>\n<p><!--\n<link rel=\"stylesheet\" href=\"css\/bootstrap.min.css\">\n\n\n<ul class=\"pagination\">\n\t    \n\t\n\n<li >\n\t<a href='?page_no=14201'>Previous<\/a>\n\t<\/li>\n\n\n       \n    \n\n<li><a href='?page_no=1'>1<\/a><\/li>\n\n\n\n<li><a href='?page_no=2'>2<\/a><\/li>\n\n\n\n<li><a>...<\/a><\/li>\n\n\n\n<li><a href='?page_no=14200'>14200<\/a><\/li>\n\n\n\n<li><a href='?page_no=14201'>14201<\/a><\/li>\n\n\n\n<li class='active'><a>14202<\/a><\/li>\n\n\n\n<li><a href='?page_no=14203'>14203<\/a><\/li>\n\n\n\n<li><a href='?page_no=14204'>14204<\/a><\/li>\n\n\n\n<li><a>...<\/a><\/li>\n\n\n\n<li><a href='?page_no=36999'>36999<\/a><\/li>\n\n\n\n<li><a href='?page_no=37000'>37000<\/a><\/li>\n\n    \n\t\n\n<li >\n\t<a href='?page_no=14203'>Next<\/a>\n\t<\/li>\n\n\n    \n\n<li><a href='?page_no=37000'>Last &rsaquo;&rsaquo;<\/a><\/li>\n\n<\/ul>\n\n\n--><br \/>\n<\/body><\/p>\n","protected":false},"excerpt":{"rendered":"<p>Santo Domingo, RD, 2 noviembre.- El pre candidato a Senador por el Distrito Nacional, Eduardo Sanz Lovaton llam\u00f3 a la clase pol\u00edtica y al gobierno central a adoptar un Plan Estrat\u00e9gico que les permita enfrentar los principales males que afectan la naci\u00f3n y convertir al Congreso Nacional en una sola C\u00e1mara Legislativa para que se [&hellip;]<\/p>\n","protected":false},"author":3,"featured_media":0,"comment_status":"open","ping_status":"open","sticky":false,"template":"","format":"standard","meta":{"footnotes":""},"categories":[22],"tags":[],"class_list":["post-161726","post","type-post","status-publish","format-standard","hentry","category-politica"],"_links":{"self":[{"href":"https:\/\/diariodominicano.com\/index.php?rest_route=\/wp\/v2\/posts\/161726","targetHints":{"allow":["GET"]}}],"collection":[{"href":"https:\/\/diariodominicano.com\/index.php?rest_route=\/wp\/v2\/posts"}],"about":[{"href":"https:\/\/diariodominicano.com\/index.php?rest_route=\/wp\/v2\/types\/post"}],"author":[{"embeddable":true,"href":"https:\/\/diariodominicano.com\/index.php?rest_route=\/wp\/v2\/users\/3"}],"replies":[{"embeddable":true,"href":"https:\/\/diariodominicano.com\/index.php?rest_route=%2Fwp%2Fv2%2Fcomments&post=161726"}],"version-history":[{"count":0,"href":"https:\/\/diariodominicano.com\/index.php?rest_route=\/wp\/v2\/posts\/161726\/revisions"}],"wp:attachment":[{"href":"https:\/\/diariodominicano.com\/index.php?rest_route=%2Fwp%2Fv2%2Fmedia&parent=161726"}],"wp:term":[{"taxonomy":"category","embeddable":true,"href":"https:\/\/diariodominicano.com\/index.php?rest_route=%2Fwp%2Fv2%2Fcategories&post=161726"},{"taxonomy":"post_tag","embeddable":true,"href":"https:\/\/diariodominicano.com\/index.php?rest_route=%2Fwp%2Fv2%2Ftags&post=161726"}],"curies":[{"name":"wp","href":"https:\/\/api.w.org\/{rel}","templated":true}]}}