{"id":161721,"date":"2014-11-02T15:28:43","date_gmt":"2014-11-02T15:28:43","guid":{"rendered":"http:\/\/diariodominicano.ddns.net\/?p=161721"},"modified":"2014-11-02T15:28:43","modified_gmt":"2014-11-02T15:28:43","slug":"tony-pena-guaba-dice-prm-tiene-problemas-por-resolver-y-seguir-adelante","status":"publish","type":"post","link":"https:\/\/diariodominicano.com\/?p=161721","title":{"rendered":"Tony Pe\u00f1a Guaba dice PRM tiene problemas por resolver y seguir adelante"},"content":{"rendered":"<p><body><\/p>\n<p><img decoding=\"async\" src=\"img3\/tony.jpg\" \/>  <\/p>\n<p><span class=\"text1noticias\">Santo Domingo, RD, 2 de Noviembre.-El dirigente pol\u00edtico Tony Pe\u00f1a Guaba declar\u00f3 que el Partido Revolucionario Moderno (PRM) tiene serios problemas que debe resolver cuanto antes, entre los que cit\u00f3 la elecci\u00f3n de su candidato presidencial y la elecci\u00f3n de su estructura dirigencial.<\/span><\/p>\n<\/p>\n<p><span class=\"text1noticias\">Dijo que todav\u00eda Andr\u00e9s Bautista no es presidente del PRM ni Jes\u00fas-Chu-V\u00e1squez es sela cretario general, debido a que han sido propuestos para esos cargos, pero no formalmente electos.<\/span><\/p>\n<\/p>\n<p><span class=\"text1noticias\">\u00abEl PRM debe resolver esos problemas, la elecci\u00f3n de su candidato presidencial, ya sea por encuestas, que se lleg\u00f3 a un acuerdo para eso y no se ha honrado, o por cualquier otra v\u00eda, y tiene tambi\u00e9n que escoger su dirigencia\u00bb, expres\u00f3 Tony Pe\u00f1a Guaba al participar como entrevistado en el programa Encuentro Extra con Cristhian Jim\u00e9nez que se trasmite cada domingo de 7 a 8 de la ma\u00f1ana por el canal 9 de Color Visi\u00f3n y de 7 a 8 de la noche por el 45 de Tele-Radio Am\u00e9rica.<\/span><\/p>\n<\/p>\n<p><span class=\"text1noticias\">Manifest\u00f3 que mientras se resuelven esos inconvenientes internos en el Partido Revolucionario Moderno se mantiene trabajando al frente del proyecto presidencial de Luis Abinader, pero insisti\u00f3 en que se debe buscar soluci\u00f3n a la referida problem\u00e1tica para que la organizaci\u00f3n pueda seguir adelante.<\/span><\/p>\n<\/p>\n<p><span class=\"text1noticias\">\u00abPor suerte \u00failtimamente Hip\u00f3lito y Luis se han estado reuniendo para buscar una salida a esto: parece que est\u00e1n buscando la manera de ponerse de acuerdo, y tienen que hacerlo, porque el tiempo est\u00e1 pasando\u00bb, dijo el dirigente pol\u00edtico.(HG9<\/span>.<\/p>\n<h6> 2014-11-02 15:28:43 <\/h6>\n<p><!--\n<link rel=\"stylesheet\" href=\"css\/bootstrap.min.css\">\n\n\n<ul class=\"pagination\">\n\t    \n\t\n\n<li >\n\t<a href='?page_no=14198'>Previous<\/a>\n\t<\/li>\n\n\n       \n    \n\n<li><a href='?page_no=1'>1<\/a><\/li>\n\n\n\n<li><a href='?page_no=2'>2<\/a><\/li>\n\n\n\n<li><a>...<\/a><\/li>\n\n\n\n<li><a href='?page_no=14197'>14197<\/a><\/li>\n\n\n\n<li><a href='?page_no=14198'>14198<\/a><\/li>\n\n\n\n<li class='active'><a>14199<\/a><\/li>\n\n\n\n<li><a href='?page_no=14200'>14200<\/a><\/li>\n\n\n\n<li><a href='?page_no=14201'>14201<\/a><\/li>\n\n\n\n<li><a>...<\/a><\/li>\n\n\n\n<li><a href='?page_no=36999'>36999<\/a><\/li>\n\n\n\n<li><a href='?page_no=37000'>37000<\/a><\/li>\n\n    \n\t\n\n<li >\n\t<a href='?page_no=14200'>Next<\/a>\n\t<\/li>\n\n\n    \n\n<li><a href='?page_no=37000'>Last &rsaquo;&rsaquo;<\/a><\/li>\n\n<\/ul>\n\n\n--><br \/>\n<\/body><\/p>\n","protected":false},"excerpt":{"rendered":"<p>Santo Domingo, RD, 2 de Noviembre.-El dirigente pol\u00edtico Tony Pe\u00f1a Guaba declar\u00f3 que el Partido Revolucionario Moderno (PRM) tiene serios problemas que debe resolver cuanto antes, entre los que cit\u00f3 la elecci\u00f3n de su candidato presidencial y la elecci\u00f3n de su estructura dirigencial. Dijo que todav\u00eda Andr\u00e9s Bautista no es presidente del PRM ni Jes\u00fas-Chu-V\u00e1squez [&hellip;]<\/p>\n","protected":false},"author":3,"featured_media":0,"comment_status":"open","ping_status":"open","sticky":false,"template":"","format":"standard","meta":{"footnotes":""},"categories":[22],"tags":[],"class_list":["post-161721","post","type-post","status-publish","format-standard","hentry","category-politica"],"_links":{"self":[{"href":"https:\/\/diariodominicano.com\/index.php?rest_route=\/wp\/v2\/posts\/161721","targetHints":{"allow":["GET"]}}],"collection":[{"href":"https:\/\/diariodominicano.com\/index.php?rest_route=\/wp\/v2\/posts"}],"about":[{"href":"https:\/\/diariodominicano.com\/index.php?rest_route=\/wp\/v2\/types\/post"}],"author":[{"embeddable":true,"href":"https:\/\/diariodominicano.com\/index.php?rest_route=\/wp\/v2\/users\/3"}],"replies":[{"embeddable":true,"href":"https:\/\/diariodominicano.com\/index.php?rest_route=%2Fwp%2Fv2%2Fcomments&post=161721"}],"version-history":[{"count":0,"href":"https:\/\/diariodominicano.com\/index.php?rest_route=\/wp\/v2\/posts\/161721\/revisions"}],"wp:attachment":[{"href":"https:\/\/diariodominicano.com\/index.php?rest_route=%2Fwp%2Fv2%2Fmedia&parent=161721"}],"wp:term":[{"taxonomy":"category","embeddable":true,"href":"https:\/\/diariodominicano.com\/index.php?rest_route=%2Fwp%2Fv2%2Fcategories&post=161721"},{"taxonomy":"post_tag","embeddable":true,"href":"https:\/\/diariodominicano.com\/index.php?rest_route=%2Fwp%2Fv2%2Ftags&post=161721"}],"curies":[{"name":"wp","href":"https:\/\/api.w.org\/{rel}","templated":true}]}}