{"id":161720,"date":"2014-11-02T16:17:16","date_gmt":"2014-11-02T16:17:16","guid":{"rendered":"http:\/\/diariodominicano.ddns.net\/?p=161720"},"modified":"2014-11-02T16:17:16","modified_gmt":"2014-11-02T16:17:16","slug":"en-ny-recuerdan-juan-bosch-en-el-13-aniversario-de-su-fallecimiento","status":"publish","type":"post","link":"https:\/\/diariodominicano.com\/?p=161720","title":{"rendered":"En NY recuerdan Juan Bosch en el 13 aniversario de su fallecimiento"},"content":{"rendered":"<p><body><\/p>\n<p><img decoding=\"async\" src=\"img3\/peledeistas.jpg\" \/>  <\/p>\n<p><span class=\"text1noticias\">Nueva York, EE.UU., 2 de Noviembre.-El Partido de la Liberaci\u00f3n Dominicana (PLD) en Nueva York conmemor\u00f3 la fecha del d\u00e9cimo tercer aniversario del fallecimiento del Profesor Juan Bosch, con un encuentro que concentr\u00f3 la direcci\u00f3n local incluyendo miembros fundadores del PLD.<\/span><\/p>\n<p><span class=\"text1noticias\"> <\/span><\/p>\n<p><span class=\"text1noticias\">Se reunieron en el local de la seccional Jaime Vargas con reflexiones y discursos sobre la vida y obra de Bosch y los grandes aportes a la pol\u00edtica y a la literatura universal.<\/span><\/p>\n<p><span class=\"text1noticias\"> <\/span><\/p>\n<p><span class=\"text1noticias\">\u00abBosch no ha muerto, mientras sea recordado por los pueblos latinoamericanos como un gran pol\u00edtico, literato y hombre amante de su pueblos\u00bb, coincidieron en destacar los participantes, seg\u00fan el reporte de Jos\u00e9 D. Batista de la Secretar\u00eda de Comunicaciones del PLD en Nueva York.<\/span><\/p>\n<p><span class=\"text1noticias\"> <\/span><\/p>\n<p><span class=\"text1noticias\">Dentro de los asistentes al encuentro se destaca, en su gran mayor\u00eda, los miembros del equipo de pioneros que dio el paso,  junto a Juan Bosch, para formar el Partido de la Liberaci\u00f3n dominicana (PLD), dejando a un lado el PRD.<\/span><\/p>\n<p><span class=\"text1noticias\"> <\/span><\/p>\n<p><span class=\"text1noticias\"> \u00abLa Grandeza de Don Juan, no solo puede medirse en el campo de la pol\u00edtica y la literatura sino tambi\u00e9n como gran humanista y educador del pueblo dominicano\u00bb expresaron los que all\u00ed se dieron cita.<\/span><\/p>\n<p><span class=\"text1noticias\"> <\/span><\/p>\n<p><span class=\"text1noticias\">Ra\u00fal Mu\u00f1oz, moderador de los debates en la tertulia especial para conmemorar el 13 aniversario de la muerte de Juan Bosch, ley\u00f3 las memorias y algunos de los apuntes que sobre la vida del maestro escribiera Mildred Guzm\u00e1n, asistente del profesor Bosch en su libro \u00abintroducci\u00f3n al pensamiento pol\u00edtico de Juan Bosch.<\/span><\/p>\n<p><span class=\"text1noticias\"> <\/span><\/p>\n<p><span class=\"text1noticias\">En la tertulia organizada por el Comit\u00e9  Intermedio Lora Fern\u00e1ndez D#3, estuvieron presentes partes de los que dieron el salto hacia en nuevo partido, entres los que figuraron Manuel Alar, Pedro Pablo Reyes (El Cacique) del equipo de la Seguridad de Bosch, Edita Reyes su esposa, H\u00e9ctor Cerda, entre otros .<\/span><\/p>\n<p><span class=\"text1noticias\"> <\/span><\/p>\n<p><span class=\"text1noticias\">El Comit\u00e9  intermedio Juan Mar\u00eda Lora Fern\u00e1ndez D # 3, tiene programado un acto masivo el d\u00eda 13 de diciembre para conmemorar la fecha de fundaci\u00f3n de esa organizaci\u00f3n pol\u00edtica, para los cuales hacen una llamado a todos los simpatizantes y amigos de las ideas de Don Juan a que los acompa\u00f1en en tan importante fecha.(HG)<\/span>.<\/p>\n<h6> 2014-11-02 16:17:16 <\/h6>\n<p><!--\n<link rel=\"stylesheet\" href=\"css\/bootstrap.min.css\">\n\n\n<ul class=\"pagination\">\n\t    \n\t\n\n<li >\n\t<a href='?page_no=14197'>Previous<\/a>\n\t<\/li>\n\n\n       \n    \n\n<li><a href='?page_no=1'>1<\/a><\/li>\n\n\n\n<li><a href='?page_no=2'>2<\/a><\/li>\n\n\n\n<li><a>...<\/a><\/li>\n\n\n\n<li><a href='?page_no=14196'>14196<\/a><\/li>\n\n\n\n<li><a href='?page_no=14197'>14197<\/a><\/li>\n\n\n\n<li class='active'><a>14198<\/a><\/li>\n\n\n\n<li><a href='?page_no=14199'>14199<\/a><\/li>\n\n\n\n<li><a href='?page_no=14200'>14200<\/a><\/li>\n\n\n\n<li><a>...<\/a><\/li>\n\n\n\n<li><a href='?page_no=36999'>36999<\/a><\/li>\n\n\n\n<li><a href='?page_no=37000'>37000<\/a><\/li>\n\n    \n\t\n\n<li >\n\t<a href='?page_no=14199'>Next<\/a>\n\t<\/li>\n\n\n    \n\n<li><a href='?page_no=37000'>Last &rsaquo;&rsaquo;<\/a><\/li>\n\n<\/ul>\n\n\n--><br \/>\n<\/body><\/p>\n","protected":false},"excerpt":{"rendered":"<p>Nueva York, EE.UU., 2 de Noviembre.-El Partido de la Liberaci\u00f3n Dominicana (PLD) en Nueva York conmemor\u00f3 la fecha del d\u00e9cimo tercer aniversario del fallecimiento del Profesor Juan Bosch, con un encuentro que concentr\u00f3 la direcci\u00f3n local incluyendo miembros fundadores del PLD. Se reunieron en el local de la seccional Jaime Vargas con reflexiones y discursos [&hellip;]<\/p>\n","protected":false},"author":3,"featured_media":0,"comment_status":"open","ping_status":"open","sticky":false,"template":"","format":"standard","meta":{"footnotes":""},"categories":[22],"tags":[],"class_list":["post-161720","post","type-post","status-publish","format-standard","hentry","category-politica"],"_links":{"self":[{"href":"https:\/\/diariodominicano.com\/index.php?rest_route=\/wp\/v2\/posts\/161720","targetHints":{"allow":["GET"]}}],"collection":[{"href":"https:\/\/diariodominicano.com\/index.php?rest_route=\/wp\/v2\/posts"}],"about":[{"href":"https:\/\/diariodominicano.com\/index.php?rest_route=\/wp\/v2\/types\/post"}],"author":[{"embeddable":true,"href":"https:\/\/diariodominicano.com\/index.php?rest_route=\/wp\/v2\/users\/3"}],"replies":[{"embeddable":true,"href":"https:\/\/diariodominicano.com\/index.php?rest_route=%2Fwp%2Fv2%2Fcomments&post=161720"}],"version-history":[{"count":0,"href":"https:\/\/diariodominicano.com\/index.php?rest_route=\/wp\/v2\/posts\/161720\/revisions"}],"wp:attachment":[{"href":"https:\/\/diariodominicano.com\/index.php?rest_route=%2Fwp%2Fv2%2Fmedia&parent=161720"}],"wp:term":[{"taxonomy":"category","embeddable":true,"href":"https:\/\/diariodominicano.com\/index.php?rest_route=%2Fwp%2Fv2%2Fcategories&post=161720"},{"taxonomy":"post_tag","embeddable":true,"href":"https:\/\/diariodominicano.com\/index.php?rest_route=%2Fwp%2Fv2%2Ftags&post=161720"}],"curies":[{"name":"wp","href":"https:\/\/api.w.org\/{rel}","templated":true}]}}